{"id":47913,"date":"2023-03-15T15:17:19","date_gmt":"2023-03-15T18:17:19","guid":{"rendered":"https:\/\/www.portalalerta.com.br\/?p=47913"},"modified":"2023-03-15T15:17:21","modified_gmt":"2023-03-15T18:17:21","slug":"prefeito-de-jeremoabo-ba-e-eleito-presidente-do-consorcio-sertao-baiano-tendo-como-vice-o-prefeito-de-pedro-alexandre-ba","status":"publish","type":"post","link":"https:\/\/www.portalalerta.com.br\/index.php\/2023\/03\/15\/prefeito-de-jeremoabo-ba-e-eleito-presidente-do-consorcio-sertao-baiano-tendo-como-vice-o-prefeito-de-pedro-alexandre-ba\/","title":{"rendered":"Prefeito de Jeremoabo-BA \u00e9 eleito presidente do Cons\u00f3rcio Sert\u00e3o Baiano, tendo como vice o prefeito de Pedro Alexandre-BA"},"content":{"rendered":"\n<p>Aconteceu na tarde da \u00faltima quinta-feira (09) na cidade de Paulo Afonso, a elei\u00e7\u00e3o e posse do presidente e vice-presidente para bi\u00eanio 2023\/2024 do CONS\u00d3RCIO SERT\u00c3O BAIANO.<\/p>\n\n\n\n<!--more-->\n\n\n<div class=\"wp-block-image\">\n<figure class=\"alignleft size-full\"><img fetchpriority=\"high\" decoding=\"async\" width=\"400\" height=\"300\" src=\"https:\/\/www.portalalerta.com.br\/wp-content\/uploads\/2023\/01\/Auto-Escola-Sonho.jpg\" alt=\"\" class=\"wp-image-47083\" srcset=\"https:\/\/www.portalalerta.com.br\/wp-content\/uploads\/2023\/01\/Auto-Escola-Sonho.jpg 400w, https:\/\/www.portalalerta.com.br\/wp-content\/uploads\/2023\/01\/Auto-Escola-Sonho-320x240.jpg 320w\" sizes=\"(max-width: 400px) 100vw, 400px\" \/><\/figure><\/div>\n\n\n<p>O prefeito de Jeremoabo Derisvaldo Jos\u00e9 do Santos (Deri do Paloma) e Yure Andrade prefeito da cidade de Pedro Alexandre, foram eleitos presidente e vice-presidente respectivamente.<\/p>\n\n\n\n<p>Momento de muita alegria por todos, especialmente de Deri, que ap\u00f3s ser eleito por aclama\u00e7\u00e3o, assinou o termo de posse. Pela primeira vez um gestor de Jeremoabo alcan\u00e7a tal cargo.<\/p>\n\n\n\n<p><em>Fonte: ASCOM\/Prefeitura Municipal de Jeremoabo<\/em><\/p>\n","protected":false},"excerpt":{"rendered":"<p>Aconteceu na tarde da \u00faltima quinta-feira (09) na cidade de Paulo Afonso, a elei\u00e7\u00e3o e posse do presidente e vice-presidente para bi\u00eanio 2023\/2024 do CONS\u00d3RCIO SERT\u00c3O BAIANO.<\/p>\n","protected":false},"author":2,"featured_media":47914,"comment_status":"open","ping_status":"open","sticky":false,"template":"","format":"standard","meta":{"om_disable_all_campaigns":false,"_monsterinsights_skip_tracking":false,"_monsterinsights_sitenote_active":false,"_monsterinsights_sitenote_note":"","_monsterinsights_sitenote_category":0,"footnotes":""},"categories":[33,70,9,69,21,32],"tags":[100,71,48,75,4178,4294,4180,1210,129,107,4181,132,230,106,203,120,51,1518,198,109,88,47,111,190,776,5987],"class_list":["post-47913","post","type-post","status-publish","format-standard","has-post-thumbnail","hentry","category-bahia","category-destaques","category-jeremoabo","category-noticias2","category-politica","category-regiao","tag-adustina","tag-antas","tag-araci","tag-cicero-dantas","tag-cipo-2","tag-consorcio","tag-crisopolis-2","tag-deri-do-paloma","tag-euclides-da-cunha","tag-fatima","tag-heliopolis-2","tag-itapicuru","tag-jeremoabo","tag-nova-soure","tag-novo-triunfo","tag-olindina","tag-paripiranga","tag-pedro-alexandre","tag-prefeito","tag-quijingue","tag-ribeira-do-amparo","tag-ribeira-do-pombal","tag-sitio-do-quinto","tag-tucano","tag-vice-prefeito","tag-yure-andrade"],"aioseo_notices":[],"_links":{"self":[{"href":"https:\/\/www.portalalerta.com.br\/index.php\/wp-json\/wp\/v2\/posts\/47913","targetHints":{"allow":["GET"]}}],"collection":[{"href":"https:\/\/www.portalalerta.com.br\/index.php\/wp-json\/wp\/v2\/posts"}],"about":[{"href":"https:\/\/www.portalalerta.com.br\/index.php\/wp-json\/wp\/v2\/types\/post"}],"author":[{"embeddable":true,"href":"https:\/\/www.portalalerta.com.br\/index.php\/wp-json\/wp\/v2\/users\/2"}],"replies":[{"embeddable":true,"href":"https:\/\/www.portalalerta.com.br\/index.php\/wp-json\/wp\/v2\/comments?post=47913"}],"version-history":[{"count":1,"href":"https:\/\/www.portalalerta.com.br\/index.php\/wp-json\/wp\/v2\/posts\/47913\/revisions"}],"predecessor-version":[{"id":47915,"href":"https:\/\/www.portalalerta.com.br\/index.php\/wp-json\/wp\/v2\/posts\/47913\/revisions\/47915"}],"wp:featuredmedia":[{"embeddable":true,"href":"https:\/\/www.portalalerta.com.br\/index.php\/wp-json\/wp\/v2\/media\/47914"}],"wp:attachment":[{"href":"https:\/\/www.portalalerta.com.br\/index.php\/wp-json\/wp\/v2\/media?parent=47913"}],"wp:term":[{"taxonomy":"category","embeddable":true,"href":"https:\/\/www.portalalerta.com.br\/index.php\/wp-json\/wp\/v2\/categories?post=47913"},{"taxonomy":"post_tag","embeddable":true,"href":"https:\/\/www.portalalerta.com.br\/index.php\/wp-json\/wp\/v2\/tags?post=47913"}],"curies":[{"name":"wp","href":"https:\/\/api.w.org\/{rel}","templated":true}]}}