{"id":47926,"date":"2023-03-15T21:58:56","date_gmt":"2023-03-16T00:58:56","guid":{"rendered":"https:\/\/www.portalalerta.com.br\/?p=47926"},"modified":"2023-03-15T21:58:57","modified_gmt":"2023-03-16T00:58:57","slug":"garantia-safra-2022-2023-inscricoes-prorrogadas-ate-30-de-marco-em-banzae-ba","status":"publish","type":"post","link":"https:\/\/www.portalalerta.com.br\/index.php\/2023\/03\/15\/garantia-safra-2022-2023-inscricoes-prorrogadas-ate-30-de-marco-em-banzae-ba\/","title":{"rendered":"Garantia Safra 2022\/2023: Inscri\u00e7\u00f5es prorrogadas at\u00e9 30 de mar\u00e7o, em Banza\u00ea-BA"},"content":{"rendered":"\n<p>As inscri\u00e7\u00f5es para o Programa \u201cGarantia Safra\u201d, ano-safra 2022\/2023, foram prorrogadas at\u00e9 30 de mar\u00e7o, em Banza\u00ea-BA<\/p>\n\n\n\n<!--more-->\n\n\n\n<p><strong>Como se inscrever?&nbsp;<\/strong><\/p>\n\n\n\n<p>Os benefici\u00e1rios devem comparecer na Secretaria de Agricultura, Meio Ambiente, Turismo e Com\u00e9rcio, localizada na Avenida Emancipa\u00e7\u00e3o, Centro, com os seguintes documentos: DAP \u2013 Declara\u00e7\u00e3o de Aptid\u00e3o ao Programa Nacional de Fortalecimento da Agricultura Familiar; documentos de identidade, CPF e RG; o NIS \u2013 N\u00famero de Inscri\u00e7\u00e3o Social; e telefone para contato.<\/p>\n\n\n<div class=\"wp-block-image\">\n<figure class=\"alignleft size-full\"><img fetchpriority=\"high\" decoding=\"async\" width=\"400\" height=\"300\" src=\"https:\/\/www.portalalerta.com.br\/wp-content\/uploads\/2023\/01\/Auto-Escola-Sonho.jpg\" alt=\"\" class=\"wp-image-47083\" srcset=\"https:\/\/www.portalalerta.com.br\/wp-content\/uploads\/2023\/01\/Auto-Escola-Sonho.jpg 400w, https:\/\/www.portalalerta.com.br\/wp-content\/uploads\/2023\/01\/Auto-Escola-Sonho-320x240.jpg 320w\" sizes=\"(max-width: 400px) 100vw, 400px\" \/><\/figure><\/div>\n\n\n<p><strong>Mais informa\u00e7\u00f5es&nbsp;<\/strong><\/p>\n\n\n\n<p>A Secretaria disponibiliza um contato via WhatsApp, SMS ou liga\u00e7\u00e3o; (075) 99701-8315.<\/p>\n\n\n\n<p><strong>O Programa<\/strong><\/p>\n\n\n\n<p>O programa assegura apoio aos agricultores (as) e familiares, que sofrem com a perda da safra em raz\u00e3o de seca ou excesso de chuvas. Para o ano-safra 2022\/2023, houve um reajuste no benef\u00edcio, de 41%, que passou de R$ 850 para R$ 1.200.<\/p>\n\n\n\n<p><em>Fonte: SECOM\/ Banza\u00ea<\/em><\/p>\n","protected":false},"excerpt":{"rendered":"<p>As inscri\u00e7\u00f5es para o Programa \u201cGarantia Safra\u201d, ano-safra 2022\/2023, foram prorrogadas at\u00e9 30 de mar\u00e7o, em Banza\u00ea-BA<\/p>\n","protected":false},"author":2,"featured_media":35342,"comment_status":"open","ping_status":"open","sticky":false,"template":"","format":"standard","meta":{"om_disable_all_campaigns":false,"_monsterinsights_skip_tracking":false,"_monsterinsights_sitenote_active":false,"_monsterinsights_sitenote_note":"","_monsterinsights_sitenote_category":0,"footnotes":""},"categories":[39,70,69,32],"tags":[100,71,48,4179,75,4178,4180,129,107,949,4181,132,230,106,203,120,51,109,88,47,111,190],"class_list":["post-47926","post","type-post","status-publish","format-standard","has-post-thumbnail","hentry","category-banzae","category-destaques","category-noticias2","category-regiao","tag-adustina","tag-antas","tag-araci","tag-banzae-2","tag-cicero-dantas","tag-cipo-2","tag-crisopolis-2","tag-euclides-da-cunha","tag-fatima","tag-garantia-safra","tag-heliopolis-2","tag-itapicuru","tag-jeremoabo","tag-nova-soure","tag-novo-triunfo","tag-olindina","tag-paripiranga","tag-quijingue","tag-ribeira-do-amparo","tag-ribeira-do-pombal","tag-sitio-do-quinto","tag-tucano"],"aioseo_notices":[],"_links":{"self":[{"href":"https:\/\/www.portalalerta.com.br\/index.php\/wp-json\/wp\/v2\/posts\/47926","targetHints":{"allow":["GET"]}}],"collection":[{"href":"https:\/\/www.portalalerta.com.br\/index.php\/wp-json\/wp\/v2\/posts"}],"about":[{"href":"https:\/\/www.portalalerta.com.br\/index.php\/wp-json\/wp\/v2\/types\/post"}],"author":[{"embeddable":true,"href":"https:\/\/www.portalalerta.com.br\/index.php\/wp-json\/wp\/v2\/users\/2"}],"replies":[{"embeddable":true,"href":"https:\/\/www.portalalerta.com.br\/index.php\/wp-json\/wp\/v2\/comments?post=47926"}],"version-history":[{"count":1,"href":"https:\/\/www.portalalerta.com.br\/index.php\/wp-json\/wp\/v2\/posts\/47926\/revisions"}],"predecessor-version":[{"id":47927,"href":"https:\/\/www.portalalerta.com.br\/index.php\/wp-json\/wp\/v2\/posts\/47926\/revisions\/47927"}],"wp:featuredmedia":[{"embeddable":true,"href":"https:\/\/www.portalalerta.com.br\/index.php\/wp-json\/wp\/v2\/media\/35342"}],"wp:attachment":[{"href":"https:\/\/www.portalalerta.com.br\/index.php\/wp-json\/wp\/v2\/media?parent=47926"}],"wp:term":[{"taxonomy":"category","embeddable":true,"href":"https:\/\/www.portalalerta.com.br\/index.php\/wp-json\/wp\/v2\/categories?post=47926"},{"taxonomy":"post_tag","embeddable":true,"href":"https:\/\/www.portalalerta.com.br\/index.php\/wp-json\/wp\/v2\/tags?post=47926"}],"curies":[{"name":"wp","href":"https:\/\/api.w.org\/{rel}","templated":true}]}}