{"id":47928,"date":"2023-03-15T22:06:12","date_gmt":"2023-03-16T01:06:12","guid":{"rendered":"https:\/\/www.portalalerta.com.br\/?p=47928"},"modified":"2023-03-15T22:06:13","modified_gmt":"2023-03-16T01:06:13","slug":"criminosos-invadem-casa-e-matam-jovem-de-26-anos-a-tiros-em-araci-ba","status":"publish","type":"post","link":"https:\/\/www.portalalerta.com.br\/index.php\/2023\/03\/15\/criminosos-invadem-casa-e-matam-jovem-de-26-anos-a-tiros-em-araci-ba\/","title":{"rendered":"Criminosos invadem casa e matam jovem de 26 anos a tiros, em Araci-BA"},"content":{"rendered":"\n<p>Um jovem de 26 anos, foi morto a tiros na madrugada desta ter\u00e7a-feira (14), por volta das 05h, em Araci, regi\u00e3o sisaleira da Bahia.<\/p>\n\n\n\n<!--more-->\n\n\n<div class=\"wp-block-image\">\n<figure class=\"alignleft size-large is-resized\"><img fetchpriority=\"high\" decoding=\"async\" src=\"https:\/\/www.portalalerta.com.br\/wp-content\/uploads\/2023\/01\/Real-Volta-as-Aulas-2023-816x1024.jpeg\" alt=\"\" class=\"wp-image-46862\" width=\"443\" height=\"556\"\/><\/figure><\/div>\n\n\n<p>Segundo a PM, o jovem dormia na casa onde morava, situada no residencial Sol Nascente, com familiares quando o im\u00f3vel foi invadido por criminosos encapuzados, que renderam todos e executaram a v\u00edtima.<\/p>\n\n\n\n<p>O corpo foi encaminhado para necropsia no Departamento de Pol\u00edcia T\u00e9cnica (DPT). Autoria e motiva\u00e7\u00e3o do crime devem ser investigadas pela Pol\u00edcia Civil.<\/p>\n\n\n\n<p><em>Fonte: A Voz do Campo<\/em><\/p>\n","protected":false},"excerpt":{"rendered":"<p>Um jovem de 26 anos, foi morto a tiros na madrugada desta ter\u00e7a-feira (14), por volta das 05h, em Araci, regi\u00e3o sisaleira da Bahia.<\/p>\n","protected":false},"author":2,"featured_media":47929,"comment_status":"open","ping_status":"open","sticky":false,"template":"","format":"standard","meta":{"om_disable_all_campaigns":false,"_monsterinsights_skip_tracking":false,"_monsterinsights_sitenote_active":false,"_monsterinsights_sitenote_note":"","_monsterinsights_sitenote_category":0,"footnotes":""},"categories":[41,70,69,32,22],"tags":[100,71,48,75,4178,4180,375,129,107,4181,206,132,230,169,106,203,120,51,109,88,47,111,190],"class_list":["post-47928","post","type-post","status-publish","format-standard","has-post-thumbnail","hentry","category-araci","category-destaques","category-noticias2","category-regiao","category-seguranca","tag-adustina","tag-antas","tag-araci","tag-cicero-dantas","tag-cipo-2","tag-crisopolis-2","tag-disparos-de-arma-de-fogo","tag-euclides-da-cunha","tag-fatima","tag-heliopolis-2","tag-homicidio","tag-itapicuru","tag-jeremoabo","tag-morte","tag-nova-soure","tag-novo-triunfo","tag-olindina","tag-paripiranga","tag-quijingue","tag-ribeira-do-amparo","tag-ribeira-do-pombal","tag-sitio-do-quinto","tag-tucano"],"aioseo_notices":[],"_links":{"self":[{"href":"https:\/\/www.portalalerta.com.br\/index.php\/wp-json\/wp\/v2\/posts\/47928","targetHints":{"allow":["GET"]}}],"collection":[{"href":"https:\/\/www.portalalerta.com.br\/index.php\/wp-json\/wp\/v2\/posts"}],"about":[{"href":"https:\/\/www.portalalerta.com.br\/index.php\/wp-json\/wp\/v2\/types\/post"}],"author":[{"embeddable":true,"href":"https:\/\/www.portalalerta.com.br\/index.php\/wp-json\/wp\/v2\/users\/2"}],"replies":[{"embeddable":true,"href":"https:\/\/www.portalalerta.com.br\/index.php\/wp-json\/wp\/v2\/comments?post=47928"}],"version-history":[{"count":1,"href":"https:\/\/www.portalalerta.com.br\/index.php\/wp-json\/wp\/v2\/posts\/47928\/revisions"}],"predecessor-version":[{"id":47930,"href":"https:\/\/www.portalalerta.com.br\/index.php\/wp-json\/wp\/v2\/posts\/47928\/revisions\/47930"}],"wp:featuredmedia":[{"embeddable":true,"href":"https:\/\/www.portalalerta.com.br\/index.php\/wp-json\/wp\/v2\/media\/47929"}],"wp:attachment":[{"href":"https:\/\/www.portalalerta.com.br\/index.php\/wp-json\/wp\/v2\/media?parent=47928"}],"wp:term":[{"taxonomy":"category","embeddable":true,"href":"https:\/\/www.portalalerta.com.br\/index.php\/wp-json\/wp\/v2\/categories?post=47928"},{"taxonomy":"post_tag","embeddable":true,"href":"https:\/\/www.portalalerta.com.br\/index.php\/wp-json\/wp\/v2\/tags?post=47928"}],"curies":[{"name":"wp","href":"https:\/\/api.w.org\/{rel}","templated":true}]}}