{"id":47931,"date":"2023-03-15T22:33:56","date_gmt":"2023-03-16T01:33:56","guid":{"rendered":"https:\/\/www.portalalerta.com.br\/?p=47931"},"modified":"2023-03-15T22:33:57","modified_gmt":"2023-03-16T01:33:57","slug":"homem-e-preso-ao-ser-flagrado-com-veiculo-roubado-em-ribeira-do-amparo-ba","status":"publish","type":"post","link":"https:\/\/www.portalalerta.com.br\/index.php\/2023\/03\/15\/homem-e-preso-ao-ser-flagrado-com-veiculo-roubado-em-ribeira-do-amparo-ba\/","title":{"rendered":"Homem \u00e9 preso ao ser flagrado com ve\u00edculo roubado, em Ribeira do Amparo-BA"},"content":{"rendered":"\n<p>Por volta das 16h15 da \u00faltima ter\u00e7a-feira (14), policiais militares do 1\u00ba Pelot\u00e3o\/ Ribeira do Amparo-BA recuperaram um ve\u00edculo com restri\u00e7\u00e3o de furto\/ roubo, no referido munic\u00edpio.<\/p>\n\n\n\n<!--more-->\n\n\n\n<p>A a\u00e7\u00e3o aconteceu numa estrada vicinal que liga o munic\u00edpio \u00e0 cidade de Ribeira do Pombal-BA. Na ocasi\u00e3o, os policiais realizaram uma abordagem a um condutor de uma motocicleta Honda CG de cor preta, placa policial IAF 2404. Ao consultarem os dados do ve\u00edculo, os policiais constataram se tratar de origem criminosa.<\/p>\n\n\n\n<p>Diante do flagrante, tanto o condutor quanto ve\u00edculo, foram conduzidos e apresentados na Delegacia de Pol\u00edcia Civil local para a ado\u00e7\u00e3o das medidas cab\u00edveis.<\/p>\n\n\n\n<p><em>Reda\u00e7\u00e3o: Portal Alerta<\/em><\/p>\n","protected":false},"excerpt":{"rendered":"<p>Por volta das 16h15 da \u00faltima ter\u00e7a-feira (14), policiais militares do 1\u00ba Pelot\u00e3o\/ Ribeira do Amparo-BA recuperaram um ve\u00edculo com restri\u00e7\u00e3o de furto\/ roubo, no referido munic\u00edpio.<\/p>\n","protected":false},"author":2,"featured_media":47932,"comment_status":"open","ping_status":"open","sticky":false,"template":"","format":"standard","meta":{"om_disable_all_campaigns":false,"_monsterinsights_skip_tracking":false,"_monsterinsights_sitenote_active":false,"_monsterinsights_sitenote_note":"","_monsterinsights_sitenote_category":0,"footnotes":""},"categories":[70,69,32,16,22],"tags":[100,71,48,75,4178,4180,129,107,4181,132,230,106,203,120,51,79,109,88,47,101,111,190,102],"class_list":["post-47931","post","type-post","status-publish","format-standard","has-post-thumbnail","hentry","category-destaques","category-noticias2","category-regiao","category-ribeira-do-amparo","category-seguranca","tag-adustina","tag-antas","tag-araci","tag-cicero-dantas","tag-cipo-2","tag-crisopolis-2","tag-euclides-da-cunha","tag-fatima","tag-heliopolis-2","tag-itapicuru","tag-jeremoabo","tag-nova-soure","tag-novo-triunfo","tag-olindina","tag-paripiranga","tag-policia-militar","tag-quijingue","tag-ribeira-do-amparo","tag-ribeira-do-pombal","tag-roubo-de-moto","tag-sitio-do-quinto","tag-tucano","tag-veiculo-recuperado"],"aioseo_notices":[],"_links":{"self":[{"href":"https:\/\/www.portalalerta.com.br\/index.php\/wp-json\/wp\/v2\/posts\/47931","targetHints":{"allow":["GET"]}}],"collection":[{"href":"https:\/\/www.portalalerta.com.br\/index.php\/wp-json\/wp\/v2\/posts"}],"about":[{"href":"https:\/\/www.portalalerta.com.br\/index.php\/wp-json\/wp\/v2\/types\/post"}],"author":[{"embeddable":true,"href":"https:\/\/www.portalalerta.com.br\/index.php\/wp-json\/wp\/v2\/users\/2"}],"replies":[{"embeddable":true,"href":"https:\/\/www.portalalerta.com.br\/index.php\/wp-json\/wp\/v2\/comments?post=47931"}],"version-history":[{"count":1,"href":"https:\/\/www.portalalerta.com.br\/index.php\/wp-json\/wp\/v2\/posts\/47931\/revisions"}],"predecessor-version":[{"id":47933,"href":"https:\/\/www.portalalerta.com.br\/index.php\/wp-json\/wp\/v2\/posts\/47931\/revisions\/47933"}],"wp:featuredmedia":[{"embeddable":true,"href":"https:\/\/www.portalalerta.com.br\/index.php\/wp-json\/wp\/v2\/media\/47932"}],"wp:attachment":[{"href":"https:\/\/www.portalalerta.com.br\/index.php\/wp-json\/wp\/v2\/media?parent=47931"}],"wp:term":[{"taxonomy":"category","embeddable":true,"href":"https:\/\/www.portalalerta.com.br\/index.php\/wp-json\/wp\/v2\/categories?post=47931"},{"taxonomy":"post_tag","embeddable":true,"href":"https:\/\/www.portalalerta.com.br\/index.php\/wp-json\/wp\/v2\/tags?post=47931"}],"curies":[{"name":"wp","href":"https:\/\/api.w.org\/{rel}","templated":true}]}}