{"id":47934,"date":"2023-03-15T22:39:35","date_gmt":"2023-03-16T01:39:35","guid":{"rendered":"https:\/\/www.portalalerta.com.br\/?p=47934"},"modified":"2023-03-15T22:39:37","modified_gmt":"2023-03-16T01:39:37","slug":"lula-reforca-o-compromisso-de-descobrir-mandantes-do-assassinato-de-marielle-franco","status":"publish","type":"post","link":"https:\/\/www.portalalerta.com.br\/index.php\/2023\/03\/15\/lula-reforca-o-compromisso-de-descobrir-mandantes-do-assassinato-de-marielle-franco\/","title":{"rendered":"Lula refor\u00e7a o compromisso de descobrir mandantes do assassinato de Marielle Franco"},"content":{"rendered":"\n<p>O presidente\u00a0Luiz In\u00e1cio Lula da Silva\u00a0reafirmou seu compromisso em descobrir quem mandou matar a vereadora\u00a0Marielle Franco,<a rel=\"noreferrer noopener\" href=\"https:\/\/www.chicosabetudo.com.br\/tag\/Marielle-Franco%20\/\" target=\"_blank\"><strong>\u00a0<\/strong><\/a>em reuni\u00e3o com ministros nesta ter\u00e7a-feira (14), data que marca cinco anos da morte do parlamentar. Durante a homenagem, o presidente solicitou um minuto de sil\u00eancio em respeito \u00e0 mem\u00f3ria da vereadora e refor\u00e7ou a import\u00e2ncia de se encontrar os respons\u00e1veis \u200b\u200bpelo crime.<\/p>\n\n\n\n<!--more-->\n\n\n<div class=\"wp-block-image\">\n<figure class=\"alignleft size-full is-resized\"><img fetchpriority=\"high\" decoding=\"async\" src=\"https:\/\/www.portalalerta.com.br\/wp-content\/uploads\/2021\/04\/ELAB.jpg\" alt=\"\" class=\"wp-image-34795\" width=\"400\" height=\"319\" srcset=\"https:\/\/www.portalalerta.com.br\/wp-content\/uploads\/2021\/04\/ELAB.jpg 1000w, https:\/\/www.portalalerta.com.br\/wp-content\/uploads\/2021\/04\/ELAB-300x240.jpg 300w, https:\/\/www.portalalerta.com.br\/wp-content\/uploads\/2021\/04\/ELAB-768x614.jpg 768w, https:\/\/www.portalalerta.com.br\/wp-content\/uploads\/2021\/04\/ELAB-183x146.jpg 183w, https:\/\/www.portalalerta.com.br\/wp-content\/uploads\/2021\/04\/ELAB-50x40.jpg 50w, https:\/\/www.portalalerta.com.br\/wp-content\/uploads\/2021\/04\/ELAB-94x75.jpg 94w\" sizes=\"(max-width: 400px) 100vw, 400px\" \/><\/figure><\/div>\n\n\n<p>Todos os ministros presentes se levantaram e prestaram uma homenagem, que emocionou a ministra da Igualdade Racial,\u00a0Anielle Franco,\u00a0irm\u00e3 de Marielle. No Twitter, Lula publicou uma mensagem ao lado de Anielle, reafirmando o compromisso de somar esfor\u00e7os para descobrir quem mandou matar a vereadora e utilizando a hashtag #Justi\u00e7aPorMarielleEAnderson.<\/p>\n\n\n\n<p>Marielle Franco foi assassinada em mar\u00e7o de 2018, no\u00a0Rio de Janeiro, e desde ent\u00e3o a investiga\u00e7\u00e3o segue em andamento. A parlamentar era conhecido por sua atua\u00e7\u00e3o na defesa dos direitos humanos e das minorias, o que gerou especula\u00e7\u00f5es sobre a motiva\u00e7\u00e3o do crime.<\/p>\n\n\n\n<p>A confirma\u00e7\u00e3o do compromisso do presidente Lula em buscar justi\u00e7a no caso de Marielle Franco pode trazer novas esperan\u00e7as para a fam\u00edlia da vereadora e para a sociedade em geral. Embora n\u00e3o haja informa\u00e7\u00f5es sobre as medidas que ser\u00e3o tomadas para prosseguir nas investiga\u00e7\u00f5es, a declara\u00e7\u00e3o de Lula indica que o assunto continuar\u00e1 sendo prioridade em seu governo.<\/p>\n\n\n\n<p><em>Fonte: Chico Sabe Tudo<\/em><\/p>\n","protected":false},"excerpt":{"rendered":"<p>O presidente\u00a0Luiz In\u00e1cio Lula da Silva\u00a0reafirmou seu compromisso em descobrir quem mandou matar a vereadora\u00a0Marielle Franco,\u00a0em reuni\u00e3o com ministros nesta ter\u00e7a-feira (14), data que marca cinco anos da morte do parlamentar. Durante a homenagem, o presidente solicitou um minuto de sil\u00eancio em respeito \u00e0 mem\u00f3ria da vereadora e refor\u00e7ou a import\u00e2ncia de se encontrar os &hellip;<\/p>\n","protected":false},"author":2,"featured_media":5573,"comment_status":"open","ping_status":"open","sticky":false,"template":"","format":"standard","meta":{"om_disable_all_campaigns":false,"_monsterinsights_skip_tracking":false,"_monsterinsights_sitenote_active":false,"_monsterinsights_sitenote_note":"","_monsterinsights_sitenote_category":0,"footnotes":""},"categories":[34,70,69,21,22],"tags":[100,71,48,93,75,4178,4180,129,107,4181,206,132,230,303,822,106,203,120,51,109,88,47,300,111,190],"class_list":["post-47934","post","type-post","status-publish","format-standard","has-post-thumbnail","hentry","category-brasil","category-destaques","category-noticias2","category-politica","category-seguranca","tag-adustina","tag-antas","tag-araci","tag-brasil","tag-cicero-dantas","tag-cipo-2","tag-crisopolis-2","tag-euclides-da-cunha","tag-fatima","tag-heliopolis-2","tag-homicidio","tag-itapicuru","tag-jeremoabo","tag-lula","tag-marielle-franco","tag-nova-soure","tag-novo-triunfo","tag-olindina","tag-paripiranga","tag-quijingue","tag-ribeira-do-amparo","tag-ribeira-do-pombal","tag-rio-de-janeiro","tag-sitio-do-quinto","tag-tucano"],"aioseo_notices":[],"_links":{"self":[{"href":"https:\/\/www.portalalerta.com.br\/index.php\/wp-json\/wp\/v2\/posts\/47934","targetHints":{"allow":["GET"]}}],"collection":[{"href":"https:\/\/www.portalalerta.com.br\/index.php\/wp-json\/wp\/v2\/posts"}],"about":[{"href":"https:\/\/www.portalalerta.com.br\/index.php\/wp-json\/wp\/v2\/types\/post"}],"author":[{"embeddable":true,"href":"https:\/\/www.portalalerta.com.br\/index.php\/wp-json\/wp\/v2\/users\/2"}],"replies":[{"embeddable":true,"href":"https:\/\/www.portalalerta.com.br\/index.php\/wp-json\/wp\/v2\/comments?post=47934"}],"version-history":[{"count":1,"href":"https:\/\/www.portalalerta.com.br\/index.php\/wp-json\/wp\/v2\/posts\/47934\/revisions"}],"predecessor-version":[{"id":47935,"href":"https:\/\/www.portalalerta.com.br\/index.php\/wp-json\/wp\/v2\/posts\/47934\/revisions\/47935"}],"wp:featuredmedia":[{"embeddable":true,"href":"https:\/\/www.portalalerta.com.br\/index.php\/wp-json\/wp\/v2\/media\/5573"}],"wp:attachment":[{"href":"https:\/\/www.portalalerta.com.br\/index.php\/wp-json\/wp\/v2\/media?parent=47934"}],"wp:term":[{"taxonomy":"category","embeddable":true,"href":"https:\/\/www.portalalerta.com.br\/index.php\/wp-json\/wp\/v2\/categories?post=47934"},{"taxonomy":"post_tag","embeddable":true,"href":"https:\/\/www.portalalerta.com.br\/index.php\/wp-json\/wp\/v2\/tags?post=47934"}],"curies":[{"name":"wp","href":"https:\/\/api.w.org\/{rel}","templated":true}]}}