{"id":47939,"date":"2023-03-17T11:22:59","date_gmt":"2023-03-17T14:22:59","guid":{"rendered":"https:\/\/www.portalalerta.com.br\/?p=47939"},"modified":"2023-03-17T11:23:01","modified_gmt":"2023-03-17T14:23:01","slug":"pf-abre-inquerito-para-investigar-denuncias-de-espionagem-pela-abin","status":"publish","type":"post","link":"https:\/\/www.portalalerta.com.br\/index.php\/2023\/03\/17\/pf-abre-inquerito-para-investigar-denuncias-de-espionagem-pela-abin\/","title":{"rendered":"PF abre inqu\u00e9rito para investigar den\u00fancias de espionagem pela Abin"},"content":{"rendered":"\n<p><em>Trabalhos ser\u00e3o conduzidos pela Diretoria de Intelig\u00eancia Policial<\/em><\/p>\n\n\n\n<!--more-->\n\n\n\n<p>A Pol\u00edcia Federal (PF) determinou nesta quinta-feira (16) a instaura\u00e7\u00e3o de um inqu\u00e9rito para investigar den\u00fancias de que a Ag\u00eancia Brasileira de Intelig\u00eancia (Abin) monitorou celulares de milhares de brasileiros durante os tr\u00eas primeiros anos do governo&nbsp;Jair Bolsonaro. A informa\u00e7\u00e3o foi publicada pelo jornal&nbsp;<em>O Globo<\/em>&nbsp;na \u00faltima ter\u00e7a-feira (14) e confirmada pela Abin no dia seguinte.<\/p>\n\n\n<div class=\"wp-block-image\">\n<figure class=\"alignleft size-large is-resized\"><img fetchpriority=\"high\" decoding=\"async\" src=\"https:\/\/www.portalalerta.com.br\/wp-content\/uploads\/2023\/01\/Real-Volta-as-Aulas-2023-816x1024.jpeg\" alt=\"\" class=\"wp-image-46862\" width=\"424\" height=\"532\"\/><\/figure><\/div>\n\n\n<p>Segundo a ag\u00eancia, o contrato de uso do&nbsp;<em>software<\/em>&nbsp;de localiza\u00e7\u00e3o teve in\u00edcio no final de 2018, ainda no governo Michel Temer, e foi encerrado em 8 de maio de 2021. O programa, chamado FirstMile, foi comprado por R$ 5,7 milh\u00f5es da empresa israelense Cognyte, com dispensa de licita\u00e7\u00e3o. A ferramenta permitia o monitoramento de at\u00e9 10 mil celulares a cada 12 meses, bastando digitar o n\u00famero da pessoa. Al\u00e9m disso, a aplica\u00e7\u00e3o criava hist\u00f3ricos de deslocamento e alertas em tempo real da movimenta\u00e7\u00e3o dos aparelhos cadastrados.<\/p>\n\n\n\n<p><strong><em>&#8220;A solu\u00e7\u00e3o tecnol\u00f3gica em quest\u00e3o n\u00e3o est\u00e1 mais em uso na Abin desde ent\u00e3o [8 de maio de 2021]. Atualmente, a Ag\u00eancia est\u00e1 em processo de aperfei\u00e7oamento e revis\u00e3o de seus normativos internos, em conson\u00e2ncia com o interesse p\u00fablico e o compromisso com o Estado Democr\u00e1tico de Direito&#8221;<\/em><\/strong>, informou a Abin, em nota. A investiga\u00e7\u00e3o da PF ser\u00e1 conduzida pela Diretoria de Intelig\u00eancia Policial.<\/p>\n\n\n\n<p><strong>Den\u00fancia na ONU<\/strong><\/p>\n\n\n\n<p>O ex-presidente da Rep\u00fablica Jair Bolsonaro foi denunciado na Organiza\u00e7\u00e3o das Na\u00e7\u00f5es Unidas (ONU), durante a 52\u00aa sess\u00e3o do Conselho de Direitos Humanos, realizada na \u00faltima ter\u00e7a-feira, pelo uso desordenado de tecnologias digitais e sistemas de monitoramento no per\u00edodo da pandemia de covid-19. As organiza\u00e7\u00f5es n\u00e3o governamentais (ONGs) Conectas, Artigo 19, Data Privacy Brasil e Transpar\u00eancia Internacional Brasil, respons\u00e1veis pela den\u00fancia, pediram \u00e0 ONU que questione o Brasil sobre o uso dessas tecnologias e o tratamento dos dados coletados durante a pandemia.<\/p>\n\n\n\n<p>Segundo o documento apresentado na ONU, entre 2020 e 2022 foram utilizadas tecnologias digitais para a coleta de dados biom\u00e9tricos, de geolocaliza\u00e7\u00e3o e informa\u00e7\u00f5es de sa\u00fade da popula\u00e7\u00e3o sem a devida transpar\u00eancia e participa\u00e7\u00e3o da sociedade civil. As institui\u00e7\u00f5es envolvidas na den\u00fancia afirmaram ainda que a fragilidade dos mecanismos de controle e a indisposi\u00e7\u00e3o dos \u00f3rg\u00e3os respons\u00e1veis por monitorar o uso dessas tecnologias de modo efetivo foram fatores decisivos para o agravamento do problema.<\/p>\n\n\n\n<p>Al\u00e9m disso, as organiza\u00e7\u00f5es manifestaram preocupa\u00e7\u00e3o com o aumento dos gastos governamentais em equipamentos de vigil\u00e2ncia e&nbsp;<em>software<\/em>&nbsp;espi\u00e3o, com destaque para o campo da seguran\u00e7a p\u00fablica e da intelig\u00eancia estatal. Na avalia\u00e7\u00e3o das entidades, tais a\u00e7\u00f5es violam os direitos fundamentais de liberdade de express\u00e3o, associa\u00e7\u00e3o, privacidade e intimidade.<\/p>\n\n\n\n<p><em>Fonte: Ag\u00eancia Brasil<\/em><\/p>\n","protected":false},"excerpt":{"rendered":"<p>Trabalhos ser\u00e3o conduzidos pela Diretoria de Intelig\u00eancia Policial<\/p>\n","protected":false},"author":2,"featured_media":47940,"comment_status":"open","ping_status":"open","sticky":false,"template":"","format":"standard","meta":{"om_disable_all_campaigns":false,"_monsterinsights_skip_tracking":false,"_monsterinsights_sitenote_active":false,"_monsterinsights_sitenote_note":"","_monsterinsights_sitenote_category":0,"footnotes":""},"categories":[34,70,69,21],"tags":[416,100,71,48,93,75,4178,4180,5989,129,107,4181,132,230,106,203,120,51,173,109,88,47,111,190],"class_list":["post-47939","post","type-post","status-publish","format-standard","has-post-thumbnail","hentry","category-brasil","category-destaques","category-noticias2","category-politica","tag-abin","tag-adustina","tag-antas","tag-araci","tag-brasil","tag-cicero-dantas","tag-cipo-2","tag-crisopolis-2","tag-espionagem","tag-euclides-da-cunha","tag-fatima","tag-heliopolis-2","tag-itapicuru","tag-jeremoabo","tag-nova-soure","tag-novo-triunfo","tag-olindina","tag-paripiranga","tag-policia-federal","tag-quijingue","tag-ribeira-do-amparo","tag-ribeira-do-pombal","tag-sitio-do-quinto","tag-tucano"],"aioseo_notices":[],"_links":{"self":[{"href":"https:\/\/www.portalalerta.com.br\/index.php\/wp-json\/wp\/v2\/posts\/47939","targetHints":{"allow":["GET"]}}],"collection":[{"href":"https:\/\/www.portalalerta.com.br\/index.php\/wp-json\/wp\/v2\/posts"}],"about":[{"href":"https:\/\/www.portalalerta.com.br\/index.php\/wp-json\/wp\/v2\/types\/post"}],"author":[{"embeddable":true,"href":"https:\/\/www.portalalerta.com.br\/index.php\/wp-json\/wp\/v2\/users\/2"}],"replies":[{"embeddable":true,"href":"https:\/\/www.portalalerta.com.br\/index.php\/wp-json\/wp\/v2\/comments?post=47939"}],"version-history":[{"count":1,"href":"https:\/\/www.portalalerta.com.br\/index.php\/wp-json\/wp\/v2\/posts\/47939\/revisions"}],"predecessor-version":[{"id":47941,"href":"https:\/\/www.portalalerta.com.br\/index.php\/wp-json\/wp\/v2\/posts\/47939\/revisions\/47941"}],"wp:featuredmedia":[{"embeddable":true,"href":"https:\/\/www.portalalerta.com.br\/index.php\/wp-json\/wp\/v2\/media\/47940"}],"wp:attachment":[{"href":"https:\/\/www.portalalerta.com.br\/index.php\/wp-json\/wp\/v2\/media?parent=47939"}],"wp:term":[{"taxonomy":"category","embeddable":true,"href":"https:\/\/www.portalalerta.com.br\/index.php\/wp-json\/wp\/v2\/categories?post=47939"},{"taxonomy":"post_tag","embeddable":true,"href":"https:\/\/www.portalalerta.com.br\/index.php\/wp-json\/wp\/v2\/tags?post=47939"}],"curies":[{"name":"wp","href":"https:\/\/api.w.org\/{rel}","templated":true}]}}