{"id":47945,"date":"2023-03-17T13:55:07","date_gmt":"2023-03-17T16:55:07","guid":{"rendered":"https:\/\/www.portalalerta.com.br\/?p=47945"},"modified":"2023-03-17T13:55:09","modified_gmt":"2023-03-17T16:55:09","slug":"taxa-de-desemprego-abre-2023-em-84-o-menor-nivel-em-oito-anos","status":"publish","type":"post","link":"https:\/\/www.portalalerta.com.br\/index.php\/2023\/03\/17\/taxa-de-desemprego-abre-2023-em-84-o-menor-nivel-em-oito-anos\/","title":{"rendered":"Taxa de desemprego abre 2023 em 8,4%, o menor n\u00edvel em oito anos"},"content":{"rendered":"\n<p><strong>Com a estabilidade, 9 milh\u00f5es ainda buscavam por uma coloca\u00e7\u00e3o no mercado de trabalho em janeiro, mostra IBGE<\/strong><\/p>\n\n\n\n<!--more-->\n\n\n\n<p>O&nbsp;<strong>desemprego no Brasil&nbsp;<\/strong>atingia 8,4% da popula\u00e7\u00e3o no trimestre encerrado em janeiro deste ano. Os dados divulgados nesta sexta-feira (17) pelo&nbsp;<strong>IBGE (Instituto Brasileiro de Geografia e Estat\u00edstica)<\/strong>&nbsp;mostram que o&nbsp;<strong>n\u00edvel de desocupa\u00e7\u00e3o figura no menor patamar para o per\u00edodo desde 2015<\/strong>.<\/p>\n\n\n<div class=\"wp-block-image\">\n<figure class=\"alignleft size-full is-resized\"><img fetchpriority=\"high\" decoding=\"async\" src=\"https:\/\/www.portalalerta.com.br\/wp-content\/uploads\/2021\/04\/ELAB.jpg\" alt=\"\" class=\"wp-image-34795\" width=\"408\" height=\"326\" srcset=\"https:\/\/www.portalalerta.com.br\/wp-content\/uploads\/2021\/04\/ELAB.jpg 1000w, https:\/\/www.portalalerta.com.br\/wp-content\/uploads\/2021\/04\/ELAB-300x240.jpg 300w, https:\/\/www.portalalerta.com.br\/wp-content\/uploads\/2021\/04\/ELAB-768x614.jpg 768w, https:\/\/www.portalalerta.com.br\/wp-content\/uploads\/2021\/04\/ELAB-183x146.jpg 183w, https:\/\/www.portalalerta.com.br\/wp-content\/uploads\/2021\/04\/ELAB-50x40.jpg 50w, https:\/\/www.portalalerta.com.br\/wp-content\/uploads\/2021\/04\/ELAB-94x75.jpg 94w\" sizes=\"(max-width: 408px) 100vw, 408px\" \/><\/figure><\/div>\n\n\n<p>Com o movimento de estabilidade na compara\u00e7\u00e3o com os tr\u00eas meses anteriores, a quantidade de profissionais ainda fora da for\u00e7a de trabalho equivale a 9 milh\u00f5es de pessoas, segundo a&nbsp;<strong>Pnad (Pesquisa Nacional por Amostra de Domic\u00edlios) Cont\u00ednua<\/strong>.<\/p>\n\n\n\n<p>O volume de desocupados continua similar ao apresentado no trimestre terminado em outubro, mas com registro de queda de 3 milh\u00f5es de pessoas na compara\u00e7\u00e3o anual, quando havia 12 milh\u00f5es de pessoas na busca por uma coloca\u00e7\u00e3o profissional.<\/p>\n\n\n\n<p>Adriana Beringuy, coordenadora do estudo, explica que o movimento de estabilidade ainda seria uma repercuss\u00e3o da redu\u00e7\u00e3o da procura por trabalho nos meses de novembro e dezembro de 2022 sobre o in\u00edcio de 2023.<\/p>\n\n\n\n<p>No trimestre,&nbsp;o n\u00edvel de ocupa\u00e7\u00e3o, que mede o percentual de pessoas ocupadas na popula\u00e7\u00e3o em idade de trabalhar, foi estimado em 56,7%, percentual igual ao alcan\u00e7ado no mesmo trimestre de 2016. J\u00e1 o&nbsp;<strong>contingente de pessoas ocupadas foi de 98,6 milh\u00f5es<\/strong>, o que representa uma queda de 1 milh\u00e3o de pessoas em rela\u00e7\u00e3o ao trimestre terminado em outubro.<\/p>\n\n\n\n<p>Pelo lado da ocupa\u00e7\u00e3o, o registro \u00e9 de queda no trimestre, ap\u00f3s uma sequ\u00eancia de expans\u00e3o do n\u00famero de trabalhadores nos trimestres m\u00f3veis ao longo de 2022. No confronto anual, o contingente de ocupados continua crescendo, com alta de 3,4%. &#8220;Se pelo lado da desocupa\u00e7\u00e3o h\u00e1 uma estabilidade, pelo lado da gera\u00e7\u00e3o de trabalho o movimento j\u00e1 \u00e9 de perda de ocupa\u00e7\u00e3o&#8221;, afirma Beringuy.<\/p>\n\n\n\n<p>&#8220;Observamos, assim, dois panoramas: em uma an\u00e1lise de curto prazo, \u00e9 observada uma queda na forma\u00e7\u00e3o de trabalho, enquanto no confronto com um ano atr\u00e1s o cen\u00e1rio ainda \u00e9 de ganho de ocupa\u00e7\u00e3o\u201d, completa a pesquisadora.<\/p>\n\n\n\n<p><em>Fonte: R7<\/em><\/p>\n","protected":false},"excerpt":{"rendered":"<p>Com a estabilidade, 9 milh\u00f5es ainda buscavam por uma coloca\u00e7\u00e3o no mercado de trabalho em janeiro, mostra IBGE<\/p>\n","protected":false},"author":2,"featured_media":32379,"comment_status":"open","ping_status":"open","sticky":false,"template":"","format":"standard","meta":{"om_disable_all_campaigns":false,"_monsterinsights_skip_tracking":false,"_monsterinsights_sitenote_active":false,"_monsterinsights_sitenote_note":"","_monsterinsights_sitenote_category":0,"footnotes":""},"categories":[34,70,69],"tags":[100,71,48,93,75,4178,4180,793,1470,129,107,4181,132,230,106,203,120,51,109,88,47,111],"class_list":["post-47945","post","type-post","status-publish","format-standard","has-post-thumbnail","hentry","category-brasil","category-destaques","category-noticias2","tag-adustina","tag-antas","tag-araci","tag-brasil","tag-cicero-dantas","tag-cipo-2","tag-crisopolis-2","tag-desemprego","tag-emprego","tag-euclides-da-cunha","tag-fatima","tag-heliopolis-2","tag-itapicuru","tag-jeremoabo","tag-nova-soure","tag-novo-triunfo","tag-olindina","tag-paripiranga","tag-quijingue","tag-ribeira-do-amparo","tag-ribeira-do-pombal","tag-sitio-do-quinto"],"aioseo_notices":[],"_links":{"self":[{"href":"https:\/\/www.portalalerta.com.br\/index.php\/wp-json\/wp\/v2\/posts\/47945","targetHints":{"allow":["GET"]}}],"collection":[{"href":"https:\/\/www.portalalerta.com.br\/index.php\/wp-json\/wp\/v2\/posts"}],"about":[{"href":"https:\/\/www.portalalerta.com.br\/index.php\/wp-json\/wp\/v2\/types\/post"}],"author":[{"embeddable":true,"href":"https:\/\/www.portalalerta.com.br\/index.php\/wp-json\/wp\/v2\/users\/2"}],"replies":[{"embeddable":true,"href":"https:\/\/www.portalalerta.com.br\/index.php\/wp-json\/wp\/v2\/comments?post=47945"}],"version-history":[{"count":1,"href":"https:\/\/www.portalalerta.com.br\/index.php\/wp-json\/wp\/v2\/posts\/47945\/revisions"}],"predecessor-version":[{"id":47946,"href":"https:\/\/www.portalalerta.com.br\/index.php\/wp-json\/wp\/v2\/posts\/47945\/revisions\/47946"}],"wp:featuredmedia":[{"embeddable":true,"href":"https:\/\/www.portalalerta.com.br\/index.php\/wp-json\/wp\/v2\/media\/32379"}],"wp:attachment":[{"href":"https:\/\/www.portalalerta.com.br\/index.php\/wp-json\/wp\/v2\/media?parent=47945"}],"wp:term":[{"taxonomy":"category","embeddable":true,"href":"https:\/\/www.portalalerta.com.br\/index.php\/wp-json\/wp\/v2\/categories?post=47945"},{"taxonomy":"post_tag","embeddable":true,"href":"https:\/\/www.portalalerta.com.br\/index.php\/wp-json\/wp\/v2\/tags?post=47945"}],"curies":[{"name":"wp","href":"https:\/\/api.w.org\/{rel}","templated":true}]}}