{"id":47947,"date":"2023-03-17T14:18:40","date_gmt":"2023-03-17T17:18:40","guid":{"rendered":"https:\/\/www.portalalerta.com.br\/?p=47947"},"modified":"2023-03-17T14:18:41","modified_gmt":"2023-03-17T17:18:41","slug":"torres-depoe-ao-tse-em-acao-que-mira-bolsonaro-inelegivel-e-minimiza-minuta-golpista","status":"publish","type":"post","link":"https:\/\/www.portalalerta.com.br\/index.php\/2023\/03\/17\/torres-depoe-ao-tse-em-acao-que-mira-bolsonaro-inelegivel-e-minimiza-minuta-golpista\/","title":{"rendered":"Torres dep\u00f5e ao TSE em a\u00e7\u00e3o que mira Bolsonaro ineleg\u00edvel e minimiza minuta golpista"},"content":{"rendered":"\n<p>O ex-ministro da Justi\u00e7a Anderson Torres prestou depoimento na manh\u00e3 desta quinta-feira (16) ao TSE (Tribunal Superior Eleitoral) na a\u00e7\u00e3o que mira o ex-presidente Jair Bolsonaro (PL) pelos ataques ao sistema eleitoral em reuni\u00e3o com embaixadores no Pal\u00e1cio do Alvorada, em julho do ano passado.<\/p>\n\n\n\n<!--more-->\n\n\n<div class=\"wp-block-image\">\n<figure class=\"alignleft size-full\"><img fetchpriority=\"high\" decoding=\"async\" width=\"400\" height=\"300\" src=\"https:\/\/www.portalalerta.com.br\/wp-content\/uploads\/2023\/01\/Auto-Escola-Sonho.jpg\" alt=\"\" class=\"wp-image-47083\" srcset=\"https:\/\/www.portalalerta.com.br\/wp-content\/uploads\/2023\/01\/Auto-Escola-Sonho.jpg 400w, https:\/\/www.portalalerta.com.br\/wp-content\/uploads\/2023\/01\/Auto-Escola-Sonho-320x240.jpg 320w\" sizes=\"(max-width: 400px) 100vw, 400px\" \/><\/figure><\/div>\n\n\n<p>Torres respondeu \u00e0s perguntas por cerca de uma hora e meia por videoconfer\u00eancia, em pedido feito pelo corregedor-geral eleitoral, ministro Benedito Gon\u00e7alves.<\/p>\n\n\n\n<p>Entre as perguntas, o ex-ministro foi questionado sobre a minuta golpista encontrada em sua casa para que Bolsonaro instaurasse estado de defesa na sede do TSE.<\/p>\n\n\n\n<p>De acordo com a defesa de Torres, ele reafirmou o que falou em depoimento \u00e0 PF em fevereiro que minuta golpista era descart\u00e1vel e &#8216;sem viabilidade jur\u00eddica&#8217;.<\/p>\n\n\n\n<p><em>Fonte: Yahoo Not\u00edcias<\/em><\/p>\n","protected":false},"excerpt":{"rendered":"<p>O ex-ministro da Justi\u00e7a Anderson Torres prestou depoimento na manh\u00e3 desta quinta-feira (16) ao TSE (Tribunal Superior Eleitoral) na a\u00e7\u00e3o que mira o ex-presidente Jair Bolsonaro (PL) pelos ataques ao sistema eleitoral em reuni\u00e3o com embaixadores no Pal\u00e1cio do Alvorada, em julho do ano passado.<\/p>\n","protected":false},"author":2,"featured_media":45061,"comment_status":"open","ping_status":"open","sticky":false,"template":"","format":"standard","meta":{"om_disable_all_campaigns":false,"_monsterinsights_skip_tracking":false,"_monsterinsights_sitenote_active":false,"_monsterinsights_sitenote_note":"","_monsterinsights_sitenote_category":0,"footnotes":""},"categories":[34,70,69,21],"tags":[100,4871,71,48,75,4178,4180,413,129,107,4181,132,1395,230,106,203,120,51,109,88,47,111,549],"class_list":["post-47947","post","type-post","status-publish","format-standard","has-post-thumbnail","hentry","category-brasil","category-destaques","category-noticias2","category-politica","tag-adustina","tag-anderson-torres","tag-antas","tag-araci","tag-cicero-dantas","tag-cipo-2","tag-crisopolis-2","tag-depoimento","tag-euclides-da-cunha","tag-fatima","tag-heliopolis-2","tag-itapicuru","tag-jair-bolsonaro","tag-jeremoabo","tag-nova-soure","tag-novo-triunfo","tag-olindina","tag-paripiranga","tag-quijingue","tag-ribeira-do-amparo","tag-ribeira-do-pombal","tag-sitio-do-quinto","tag-tse"],"aioseo_notices":[],"_links":{"self":[{"href":"https:\/\/www.portalalerta.com.br\/index.php\/wp-json\/wp\/v2\/posts\/47947","targetHints":{"allow":["GET"]}}],"collection":[{"href":"https:\/\/www.portalalerta.com.br\/index.php\/wp-json\/wp\/v2\/posts"}],"about":[{"href":"https:\/\/www.portalalerta.com.br\/index.php\/wp-json\/wp\/v2\/types\/post"}],"author":[{"embeddable":true,"href":"https:\/\/www.portalalerta.com.br\/index.php\/wp-json\/wp\/v2\/users\/2"}],"replies":[{"embeddable":true,"href":"https:\/\/www.portalalerta.com.br\/index.php\/wp-json\/wp\/v2\/comments?post=47947"}],"version-history":[{"count":1,"href":"https:\/\/www.portalalerta.com.br\/index.php\/wp-json\/wp\/v2\/posts\/47947\/revisions"}],"predecessor-version":[{"id":47948,"href":"https:\/\/www.portalalerta.com.br\/index.php\/wp-json\/wp\/v2\/posts\/47947\/revisions\/47948"}],"wp:featuredmedia":[{"embeddable":true,"href":"https:\/\/www.portalalerta.com.br\/index.php\/wp-json\/wp\/v2\/media\/45061"}],"wp:attachment":[{"href":"https:\/\/www.portalalerta.com.br\/index.php\/wp-json\/wp\/v2\/media?parent=47947"}],"wp:term":[{"taxonomy":"category","embeddable":true,"href":"https:\/\/www.portalalerta.com.br\/index.php\/wp-json\/wp\/v2\/categories?post=47947"},{"taxonomy":"post_tag","embeddable":true,"href":"https:\/\/www.portalalerta.com.br\/index.php\/wp-json\/wp\/v2\/tags?post=47947"}],"curies":[{"name":"wp","href":"https:\/\/api.w.org\/{rel}","templated":true}]}}