{"id":47952,"date":"2023-03-17T14:27:26","date_gmt":"2023-03-17T17:27:26","guid":{"rendered":"https:\/\/www.portalalerta.com.br\/?p=47952"},"modified":"2023-03-17T14:27:27","modified_gmt":"2023-03-17T17:27:27","slug":"pf-cumpre-32-mandados-de-prisao-em-investigacao-sobre-atos-golpistas","status":"publish","type":"post","link":"https:\/\/www.portalalerta.com.br\/index.php\/2023\/03\/17\/pf-cumpre-32-mandados-de-prisao-em-investigacao-sobre-atos-golpistas\/","title":{"rendered":"PF cumpre 32 mandados de pris\u00e3o em investiga\u00e7\u00e3o sobre atos golpistas"},"content":{"rendered":"\n<p><em>Alvos s\u00e3o participantes ou financiadores das invas\u00f5es de 8 de janeiro<\/em><\/p>\n\n\n\n<!--more-->\n\n\n\n<p>A Pol\u00edcia Federal (PF) deflagrou nesta sexta-feira (17) a oitava fase da Opera\u00e7\u00e3o Lesa P\u00e1tria, resultado das investiga\u00e7\u00f5es policiais que buscam identificar pessoas que participaram, financiaram ou fomentaram os atos antidemocr\u00e1ticos que resultaram na invas\u00e3o e depreda\u00e7\u00e3o do Pal\u00e1cio do Planalto, Congresso Nacional e da sede do Supremo Tribunal Federal (STF), em 8 de janeiro.<\/p>\n\n\n<div class=\"wp-block-image\">\n<figure class=\"alignleft size-full is-resized\"><img fetchpriority=\"high\" decoding=\"async\" src=\"https:\/\/www.portalalerta.com.br\/wp-content\/uploads\/2021\/04\/ELAB.jpg\" alt=\"\" class=\"wp-image-34795\" width=\"385\" height=\"307\" srcset=\"https:\/\/www.portalalerta.com.br\/wp-content\/uploads\/2021\/04\/ELAB.jpg 1000w, https:\/\/www.portalalerta.com.br\/wp-content\/uploads\/2021\/04\/ELAB-300x240.jpg 300w, https:\/\/www.portalalerta.com.br\/wp-content\/uploads\/2021\/04\/ELAB-768x614.jpg 768w, https:\/\/www.portalalerta.com.br\/wp-content\/uploads\/2021\/04\/ELAB-183x146.jpg 183w, https:\/\/www.portalalerta.com.br\/wp-content\/uploads\/2021\/04\/ELAB-50x40.jpg 50w, https:\/\/www.portalalerta.com.br\/wp-content\/uploads\/2021\/04\/ELAB-94x75.jpg 94w\" sizes=\"(max-width: 385px) 100vw, 385px\" \/><\/figure><\/div>\n\n\n<p>Segundo a institui\u00e7\u00e3o, 32 mandados judiciais de pris\u00e3o preventiva e 46 de busca e apreens\u00e3o est\u00e3o sendo cumpridos em dez estados: Bahia, Distrito Federal, Esp\u00edrito Santo, Goi\u00e1s, Maranh\u00e3o, Minas Gerais, Paran\u00e1, Rio Grande do Sul; Rond\u00f4nia e S\u00e3o Paulo.<\/p>\n\n\n\n<p>A primeira fase da Opera\u00e7\u00e3o Lesa P\u00e1tria aconteceu em 20 de janeiro deste ano, para investigar supostos crimes de aboli\u00e7\u00e3o violenta do Estado Democr\u00e1tico de Direito, golpe de Estado, dano qualificado, associa\u00e7\u00e3o criminosa, incita\u00e7\u00e3o ao crime, destrui\u00e7\u00e3o e deteriora\u00e7\u00e3o ou inutiliza\u00e7\u00e3o de bem especialmente protegido.<\/p>\n\n\n\n<p><strong>Balan\u00e7o<\/strong><\/p>\n\n\n\n<p>Tornada permanente, a a\u00e7\u00e3o da PF tinha resultado, at\u00e9 o \u00faltimo dia 7, quando foi deflagrada a s\u00e9tima fase, no cumprimento de 29 mandados de pris\u00e3o preventiva; tr\u00eas de pris\u00e3o tempor\u00e1ria e 109 de busca e apreens\u00e3o.<\/p>\n\n\n\n<p>Os n\u00fameros t\u00eam sido atualizados periodicamente e a PF deve divulgar, em breve, os dados mais recentes.<\/p>\n\n\n\n<p>No total, j\u00e1 foram instaurados sete inqu\u00e9ritos para apurar os fatos e as responsabilidades: tr\u00eas espec\u00edficos contra parlamentares que participaram dos atos, um contra financiadores, um contra autores intelectuais, um contra os executores materiais e outro contra as autoridades do Distrito Federal \u2013 o governador Ibaneis Rocha, que chegou a ser afastado do cargo; o ex-secret\u00e1rio de Seguran\u00e7a P\u00fablica Anderson Torres e o ex-comandante-geral da Pol\u00edcia Militar, F\u00e1bio Vieira.<\/p>\n\n\n\n<p>Al\u00e9m das pris\u00f5es preventivas realizadas durante as diversas fases da Lesa P\u00e1tria, 2.151 pessoas suspeitas de participar dos atos j\u00e1 tinham sido presas entre os dias 8 e 9 de janeiro, no acampamento montado em frente ao Quartel General do Ex\u00e9rcito, em Bras\u00edlia.<\/p>\n\n\n\n<p>Destas, 294 (86 mulheres e 208 homens)\u00a0permanecem no sistema penitenci\u00e1rio\u00a0do Distrito Federal. Os demais foram soltos por n\u00e3o representarem mais riscos \u00e0 sociedade e \u00e0s investiga\u00e7\u00f5es.<\/p>\n\n\n\n<p><strong>Entenda<\/strong><\/p>\n\n\n\n<p>Depois que o presidente Luiz In\u00e1cio Lula da Silva foi eleito em segundo turno, no final de outubro, apoiadores do ex-presidente Bolsonaro demonstram inconformismo com o resultado do pleito e iniciaram uma s\u00e9rie de acampamentos em frente a quart\u00e9is generais do pa\u00eds, pedindo golpe militar no pa\u00eds para depor o presidente eleito.<\/p>\n\n\n\n<p>As manifesta\u00e7\u00f5es culminaram com a invas\u00e3o e depreda\u00e7\u00e3o das sedes dos Tr\u00eas Poderes, no dia 8 de janeiro.<\/p>\n\n\n\n<p><em>Fonte: Ag\u00eancia Brasil<\/em><\/p>\n","protected":false},"excerpt":{"rendered":"<p>Alvos s\u00e3o participantes ou financiadores das invas\u00f5es de 8 de janeiro<\/p>\n","protected":false},"author":2,"featured_media":46715,"comment_status":"open","ping_status":"open","sticky":false,"template":"","format":"standard","meta":{"om_disable_all_campaigns":false,"_monsterinsights_skip_tracking":false,"_monsterinsights_sitenote_active":false,"_monsterinsights_sitenote_note":"","_monsterinsights_sitenote_category":0,"footnotes":""},"categories":[34,70,69,21,22],"tags":[100,71,48,5936,93,75,4178,4180,129,107,4181,132,230,106,203,120,51,173,109,88,47,111,190],"class_list":["post-47952","post","type-post","status-publish","format-standard","has-post-thumbnail","hentry","category-brasil","category-destaques","category-noticias2","category-politica","category-seguranca","tag-adustina","tag-antas","tag-araci","tag-atos-golpistas","tag-brasil","tag-cicero-dantas","tag-cipo-2","tag-crisopolis-2","tag-euclides-da-cunha","tag-fatima","tag-heliopolis-2","tag-itapicuru","tag-jeremoabo","tag-nova-soure","tag-novo-triunfo","tag-olindina","tag-paripiranga","tag-policia-federal","tag-quijingue","tag-ribeira-do-amparo","tag-ribeira-do-pombal","tag-sitio-do-quinto","tag-tucano"],"aioseo_notices":[],"_links":{"self":[{"href":"https:\/\/www.portalalerta.com.br\/index.php\/wp-json\/wp\/v2\/posts\/47952","targetHints":{"allow":["GET"]}}],"collection":[{"href":"https:\/\/www.portalalerta.com.br\/index.php\/wp-json\/wp\/v2\/posts"}],"about":[{"href":"https:\/\/www.portalalerta.com.br\/index.php\/wp-json\/wp\/v2\/types\/post"}],"author":[{"embeddable":true,"href":"https:\/\/www.portalalerta.com.br\/index.php\/wp-json\/wp\/v2\/users\/2"}],"replies":[{"embeddable":true,"href":"https:\/\/www.portalalerta.com.br\/index.php\/wp-json\/wp\/v2\/comments?post=47952"}],"version-history":[{"count":1,"href":"https:\/\/www.portalalerta.com.br\/index.php\/wp-json\/wp\/v2\/posts\/47952\/revisions"}],"predecessor-version":[{"id":47953,"href":"https:\/\/www.portalalerta.com.br\/index.php\/wp-json\/wp\/v2\/posts\/47952\/revisions\/47953"}],"wp:featuredmedia":[{"embeddable":true,"href":"https:\/\/www.portalalerta.com.br\/index.php\/wp-json\/wp\/v2\/media\/46715"}],"wp:attachment":[{"href":"https:\/\/www.portalalerta.com.br\/index.php\/wp-json\/wp\/v2\/media?parent=47952"}],"wp:term":[{"taxonomy":"category","embeddable":true,"href":"https:\/\/www.portalalerta.com.br\/index.php\/wp-json\/wp\/v2\/categories?post=47952"},{"taxonomy":"post_tag","embeddable":true,"href":"https:\/\/www.portalalerta.com.br\/index.php\/wp-json\/wp\/v2\/tags?post=47952"}],"curies":[{"name":"wp","href":"https:\/\/api.w.org\/{rel}","templated":true}]}}