{"id":47963,"date":"2023-03-18T14:51:50","date_gmt":"2023-03-18T17:51:50","guid":{"rendered":"https:\/\/www.portalalerta.com.br\/?p=47963"},"modified":"2023-03-18T14:51:51","modified_gmt":"2023-03-18T17:51:51","slug":"tribunal-internacional-emite-mandado-de-prisao-contra-putin-por-crimes-de-guerra","status":"publish","type":"post","link":"https:\/\/www.portalalerta.com.br\/index.php\/2023\/03\/18\/tribunal-internacional-emite-mandado-de-prisao-contra-putin-por-crimes-de-guerra\/","title":{"rendered":"Tribunal internacional emite mandado de pris\u00e3o contra Putin por crimes de guerra"},"content":{"rendered":"\n<p><strong>Acusa\u00e7\u00f5es incluem&nbsp;deporta\u00e7\u00e3o ilegal de crian\u00e7as e transfer\u00eancia il\u00edcita de ucranianos para a R\u00fassia, entre outras&nbsp;<\/strong><\/p>\n\n\n\n<!--more-->\n\n\n\n<p>O TPI, Tribunal Penal Internacional, emitiu um mandado de pris\u00e3o do presidente russo, Vladimir Putin, nesta sexta feira (17). Putin est\u00e1 sendo apontado como respons\u00e1vel&nbsp;por crimes de guerra cometidos na Ucr\u00e2nia.<\/p>\n\n\n<div class=\"wp-block-image\">\n<figure class=\"alignleft size-large is-resized\"><img fetchpriority=\"high\" decoding=\"async\" src=\"https:\/\/www.portalalerta.com.br\/wp-content\/uploads\/2023\/01\/Real-Volta-as-Aulas-2023-816x1024.jpeg\" alt=\"\" class=\"wp-image-46862\" width=\"397\" height=\"498\"\/><\/figure><\/div>\n\n\n<p>Algumas suspeitas incluem&nbsp;deporta\u00e7\u00e3o ilegal de crian\u00e7as, transfer\u00eancia il\u00edcita de pessoas do territ\u00f3rio ucraniano para a Federa\u00e7\u00e3o Russa e danos \u00e0 infraestrutura civil. Moscou nega as acusa\u00e7\u00f5es.<\/p>\n\n\n\n<p>Segundo informa\u00e7\u00f5es da Reuters, at\u00e9 ent\u00e3o, o Kremlin n\u00e3o respondeu&nbsp;aos pedidos de coment\u00e1rio. Al\u00e9m de Putin, a&nbsp;Comiss\u00e1ria dos Direitos da Crian\u00e7a da R\u00fassia tamb\u00e9m foi intimada.<\/p>\n\n\n\n<p>Karim Khan, promotor do tribunal, abriu a investiga\u00e7\u00e3o h\u00e1 mais de um ano. Ele suspeita que a R\u00fassia tenha cometido crimes de guerra, viola\u00e7\u00f5es contra a humanidade e genoc\u00eddio na Ucr\u00e2nia, desde o in\u00edcio da invas\u00e3o.<\/p>\n\n\n\n<p><strong><em>&#8220;Os crimes foram supostamente cometidos em territ\u00f3rio ucraniano ocupado pelo menos a partir de 24 de fevereiro de 2022. H\u00e1 motivos razo\u00e1veis \u200b\u200bpara acreditar que Putin tenha responsabilidade criminal individual pelos crimes mencionados&#8221;,<\/em><\/strong> afirmou.&nbsp;<\/p>\n\n\n\n<p>Apesar das intima\u00e7\u00f5es, a porta-voz do Minist\u00e9rio das Rela\u00e7\u00f5es Exteriores, Maria Zakharova, comentou em seu&nbsp;canal no Telegram que n\u00e3o est\u00e1 preocupada. &#8220;Os mandados de pris\u00e3o do TPI n\u00e3o t\u00eam significado para o nosso pa\u00eds, inclusive do ponto de vista jur\u00eddico&#8221;, disse.<\/p>\n\n\n\n<p>A porta-voz ainda lembrou que a R\u00fassia n\u00e3o faz parte do Estatuto de Roma, o tratado que fundamenta o tribunal mundial perante crimes de guerra.<\/p>\n\n\n\n<p><em>Fonte: R7<\/em><\/p>\n","protected":false},"excerpt":{"rendered":"<p>Acusa\u00e7\u00f5es incluem&nbsp;deporta\u00e7\u00e3o ilegal de crian\u00e7as e transfer\u00eancia il\u00edcita de ucranianos para a R\u00fassia, entre outras&nbsp;<\/p>\n","protected":false},"author":2,"featured_media":31035,"comment_status":"open","ping_status":"open","sticky":false,"template":"","format":"standard","meta":{"om_disable_all_campaigns":false,"_monsterinsights_skip_tracking":false,"_monsterinsights_sitenote_active":false,"_monsterinsights_sitenote_note":"","_monsterinsights_sitenote_category":0,"footnotes":""},"categories":[70,35,69,21],"tags":[100,71,48,75,4178,5994,4180,129,107,4181,132,230,339,106,203,120,51,199,109,88,47,826,111,5993,190,3331,3932],"class_list":["post-47963","post","type-post","status-publish","format-standard","has-post-thumbnail","hentry","category-destaques","category-mundo","category-noticias2","category-politica","tag-adustina","tag-antas","tag-araci","tag-cicero-dantas","tag-cipo-2","tag-crimes-de-guerra","tag-crisopolis-2","tag-euclides-da-cunha","tag-fatima","tag-heliopolis-2","tag-itapicuru","tag-jeremoabo","tag-mundo","tag-nova-soure","tag-novo-triunfo","tag-olindina","tag-paripiranga","tag-politica","tag-quijingue","tag-ribeira-do-amparo","tag-ribeira-do-pombal","tag-russia","tag-sitio-do-quinto","tag-tribunal-internacional","tag-tucano","tag-ucrania","tag-vladimir-putin"],"aioseo_notices":[],"_links":{"self":[{"href":"https:\/\/www.portalalerta.com.br\/index.php\/wp-json\/wp\/v2\/posts\/47963","targetHints":{"allow":["GET"]}}],"collection":[{"href":"https:\/\/www.portalalerta.com.br\/index.php\/wp-json\/wp\/v2\/posts"}],"about":[{"href":"https:\/\/www.portalalerta.com.br\/index.php\/wp-json\/wp\/v2\/types\/post"}],"author":[{"embeddable":true,"href":"https:\/\/www.portalalerta.com.br\/index.php\/wp-json\/wp\/v2\/users\/2"}],"replies":[{"embeddable":true,"href":"https:\/\/www.portalalerta.com.br\/index.php\/wp-json\/wp\/v2\/comments?post=47963"}],"version-history":[{"count":1,"href":"https:\/\/www.portalalerta.com.br\/index.php\/wp-json\/wp\/v2\/posts\/47963\/revisions"}],"predecessor-version":[{"id":47966,"href":"https:\/\/www.portalalerta.com.br\/index.php\/wp-json\/wp\/v2\/posts\/47963\/revisions\/47966"}],"wp:featuredmedia":[{"embeddable":true,"href":"https:\/\/www.portalalerta.com.br\/index.php\/wp-json\/wp\/v2\/media\/31035"}],"wp:attachment":[{"href":"https:\/\/www.portalalerta.com.br\/index.php\/wp-json\/wp\/v2\/media?parent=47963"}],"wp:term":[{"taxonomy":"category","embeddable":true,"href":"https:\/\/www.portalalerta.com.br\/index.php\/wp-json\/wp\/v2\/categories?post=47963"},{"taxonomy":"post_tag","embeddable":true,"href":"https:\/\/www.portalalerta.com.br\/index.php\/wp-json\/wp\/v2\/tags?post=47963"}],"curies":[{"name":"wp","href":"https:\/\/api.w.org\/{rel}","templated":true}]}}