{"id":47970,"date":"2023-03-18T15:30:00","date_gmt":"2023-03-18T18:30:00","guid":{"rendered":"https:\/\/www.portalalerta.com.br\/?p=47970"},"modified":"2023-03-18T15:30:02","modified_gmt":"2023-03-18T18:30:02","slug":"trump-diz-que-sera-preso-na-proxima-terca-feira-e-convoca-protestos","status":"publish","type":"post","link":"https:\/\/www.portalalerta.com.br\/index.php\/2023\/03\/18\/trump-diz-que-sera-preso-na-proxima-terca-feira-e-convoca-protestos\/","title":{"rendered":"Trump diz que ser\u00e1 preso na pr\u00f3xima ter\u00e7a-feira e convoca protestos"},"content":{"rendered":"\n<p><strong>Ex-presidente dos EUA \u00e9 investigado pelos ataques ao Capit\u00f3lio e tamb\u00e9m por manter documentos sigilosos em sua casa<\/strong><\/p>\n\n\n\n<!--more-->\n\n\n\n<p>O ex-presidente dos Estados Unidos Donald Trump anunciou neste s\u00e1bado (18), em sua rede social Truth Social, que espera ser &#8220;preso&#8221; na pr\u00f3xima ter\u00e7a-feira (21) e convocou protestos ante uma poss\u00edvel acusa\u00e7\u00e3o de suborno pago a uma atriz porn\u00f4 antes das elei\u00e7\u00f5es de 2016.<\/p>\n\n\n<div class=\"wp-block-image\">\n<figure class=\"alignleft size-full is-resized\"><img fetchpriority=\"high\" decoding=\"async\" src=\"https:\/\/www.portalalerta.com.br\/wp-content\/uploads\/2021\/04\/ELAB.jpg\" alt=\"\" class=\"wp-image-34795\" width=\"436\" height=\"348\" srcset=\"https:\/\/www.portalalerta.com.br\/wp-content\/uploads\/2021\/04\/ELAB.jpg 1000w, https:\/\/www.portalalerta.com.br\/wp-content\/uploads\/2021\/04\/ELAB-300x240.jpg 300w, https:\/\/www.portalalerta.com.br\/wp-content\/uploads\/2021\/04\/ELAB-768x614.jpg 768w, https:\/\/www.portalalerta.com.br\/wp-content\/uploads\/2021\/04\/ELAB-183x146.jpg 183w, https:\/\/www.portalalerta.com.br\/wp-content\/uploads\/2021\/04\/ELAB-50x40.jpg 50w, https:\/\/www.portalalerta.com.br\/wp-content\/uploads\/2021\/04\/ELAB-94x75.jpg 94w\" sizes=\"(max-width: 436px) 100vw, 436px\" \/><\/figure><\/div>\n\n\n<p>Referindo-se a um &#8220;vazamento&#8221; do escrit\u00f3rio do procurador do estado de Nova York para o bairro de Manhattan, Trump,\u00a0que pretende voltar a disputar a Casa Branca em 2024, escreveu em letras mai\u00fasculas: <strong><em>&#8220;O principal candidato republicano e ex-presidente dos Estados Unidos da Am\u00e9rica ser\u00e1 preso na ter\u00e7a-feira da pr\u00f3xima semana. Protestem, recuperem nossa na\u00e7\u00e3o!&#8221;.<\/em><\/strong><\/p>\n\n\n\n<p>Trump, que voltou ao Facebook na sexta-feira (17)\u00a0ap\u00f3s sua conta ter sido bloqueada em 2021, \u00e9 investigado por poss\u00edvel envolvimento na invas\u00e3o do Capit\u00f3lio, h\u00e1 dois anos, e tamb\u00e9m por manter\u00a0documentos sigilosos oficiais dos EUA em sua casa.<\/p>\n\n\n\n<p><em>Fonte: R7<\/em><\/p>\n","protected":false},"excerpt":{"rendered":"<p>Ex-presidente dos EUA \u00e9 investigado pelos ataques ao Capit\u00f3lio e tamb\u00e9m por manter documentos sigilosos em sua casa<\/p>\n","protected":false},"author":2,"featured_media":14685,"comment_status":"open","ping_status":"open","sticky":false,"template":"","format":"standard","meta":{"om_disable_all_campaigns":false,"_monsterinsights_skip_tracking":false,"_monsterinsights_sitenote_active":false,"_monsterinsights_sitenote_note":"","_monsterinsights_sitenote_category":0,"footnotes":""},"categories":[70,35,69,21],"tags":[100,71,48,75,4178,4180,897,129,107,4181,132,230,339,106,203,120,51,199,174,109,88,47,111],"class_list":["post-47970","post","type-post","status-publish","format-standard","has-post-thumbnail","hentry","category-destaques","category-mundo","category-noticias2","category-politica","tag-adustina","tag-antas","tag-araci","tag-cicero-dantas","tag-cipo-2","tag-crisopolis-2","tag-donald-trump","tag-euclides-da-cunha","tag-fatima","tag-heliopolis-2","tag-itapicuru","tag-jeremoabo","tag-mundo","tag-nova-soure","tag-novo-triunfo","tag-olindina","tag-paripiranga","tag-politica","tag-prisao","tag-quijingue","tag-ribeira-do-amparo","tag-ribeira-do-pombal","tag-sitio-do-quinto"],"aioseo_notices":[],"_links":{"self":[{"href":"https:\/\/www.portalalerta.com.br\/index.php\/wp-json\/wp\/v2\/posts\/47970","targetHints":{"allow":["GET"]}}],"collection":[{"href":"https:\/\/www.portalalerta.com.br\/index.php\/wp-json\/wp\/v2\/posts"}],"about":[{"href":"https:\/\/www.portalalerta.com.br\/index.php\/wp-json\/wp\/v2\/types\/post"}],"author":[{"embeddable":true,"href":"https:\/\/www.portalalerta.com.br\/index.php\/wp-json\/wp\/v2\/users\/2"}],"replies":[{"embeddable":true,"href":"https:\/\/www.portalalerta.com.br\/index.php\/wp-json\/wp\/v2\/comments?post=47970"}],"version-history":[{"count":1,"href":"https:\/\/www.portalalerta.com.br\/index.php\/wp-json\/wp\/v2\/posts\/47970\/revisions"}],"predecessor-version":[{"id":47971,"href":"https:\/\/www.portalalerta.com.br\/index.php\/wp-json\/wp\/v2\/posts\/47970\/revisions\/47971"}],"wp:featuredmedia":[{"embeddable":true,"href":"https:\/\/www.portalalerta.com.br\/index.php\/wp-json\/wp\/v2\/media\/14685"}],"wp:attachment":[{"href":"https:\/\/www.portalalerta.com.br\/index.php\/wp-json\/wp\/v2\/media?parent=47970"}],"wp:term":[{"taxonomy":"category","embeddable":true,"href":"https:\/\/www.portalalerta.com.br\/index.php\/wp-json\/wp\/v2\/categories?post=47970"},{"taxonomy":"post_tag","embeddable":true,"href":"https:\/\/www.portalalerta.com.br\/index.php\/wp-json\/wp\/v2\/tags?post=47970"}],"curies":[{"name":"wp","href":"https:\/\/api.w.org\/{rel}","templated":true}]}}