{"id":47972,"date":"2023-03-18T15:59:44","date_gmt":"2023-03-18T18:59:44","guid":{"rendered":"https:\/\/www.portalalerta.com.br\/?p=47972"},"modified":"2023-03-18T16:05:44","modified_gmt":"2023-03-18T19:05:44","slug":"acidente-de-transito-com-vitima-fatal-pode-ter-sido-o-primeiro-homicidio-do-ano-em-ribeira-do-pombal-ba-entenda","status":"publish","type":"post","link":"https:\/\/www.portalalerta.com.br\/index.php\/2023\/03\/18\/acidente-de-transito-com-vitima-fatal-pode-ter-sido-o-primeiro-homicidio-do-ano-em-ribeira-do-pombal-ba-entenda\/","title":{"rendered":"\u201cAcidente de Tr\u00e2nsito\u201d com v\u00edtima fatal, pode ter sido o primeiro homic\u00eddio do ano em Ribeira do Pombal-BA. Entenda!"},"content":{"rendered":"\n<p>Nas primeiras horas deste s\u00e1bado (18), um \u201cAcidente de tr\u00e2nsito\u201d ocorrido na Av. Abelardo Gama, nas proximidades da Guarda Municipal de Ribeira do Pombal-BA, vitimou fatalmente Dernivan Santos de Jesus, 30 anos.<\/p>\n\n\n\n<!--more-->\n\n\n\n<p>De acordo com informa\u00e7\u00f5es iniciais, um carro teria atingido a motocicleta Honda CG de cor vermelha, em que Dernivan se encontrava. Com o impacto o condutor da motocicleta n\u00e3o resistiu e evoluiu a \u00f3bito ainda no local, enquanto o condutor do carro fugiu para um destino ignorado.<\/p>\n\n\n\n<p>Inicialmente, o caso foi tratado como acidente, por\u00e9m a pol\u00edcia investiga o que seria o primeiro homic\u00eddio do ano na cidade, tendo em vista que h\u00e1 a suspeita de que a colis\u00e3o entre os ve\u00edculos tenha sido provocada propositalmente pelo condutor do carro, cuja identidade ainda \u00e9 mantida em sigilo.<\/p>\n\n\n\n<p>O fato foi informado ao Departamento de Pol\u00edcia T\u00e9cnica (DPT \u2013 Euclides da Cunha), para a realiza\u00e7\u00e3o da per\u00edcia, bem como a remo\u00e7\u00e3o do corpo para ser autopsiado. Guardas Municipais da cidade isolaram o local. <\/p>\n\n\n\n<p><em>Reda\u00e7\u00e3o: Portal Alerta<\/em><\/p>\n\n\n\n<p><em>Imagem: Paulo Andrade<\/em><\/p>\n","protected":false},"excerpt":{"rendered":"<p>Nas primeiras horas deste s\u00e1bado (18), um \u201cAcidente de tr\u00e2nsito\u201d ocorrido na Av. Abelardo Gama, nas proximidades da Guarda Municipal de Ribeira do Pombal-BA, vitimou fatalmente Dernivan Santos de Jesus, 30 anos.<\/p>\n","protected":false},"author":2,"featured_media":47973,"comment_status":"open","ping_status":"open","sticky":false,"template":"","format":"standard","meta":{"om_disable_all_campaigns":false,"_monsterinsights_skip_tracking":false,"_monsterinsights_sitenote_active":false,"_monsterinsights_sitenote_note":"","_monsterinsights_sitenote_category":0,"footnotes":""},"categories":[70,69,32,3,22],"tags":[5463,100,71,48,75,4178,4180,129,107,4181,206,132,230,169,106,203,120,51,122,109,88,47,111,190],"class_list":["post-47972","post","type-post","status-publish","format-standard","has-post-thumbnail","hentry","category-destaques","category-noticias2","category-regiao","category-ribeira-do-pombal","category-seguranca","tag-acidente-de-transito","tag-adustina","tag-antas","tag-araci","tag-cicero-dantas","tag-cipo-2","tag-crisopolis-2","tag-euclides-da-cunha","tag-fatima","tag-heliopolis-2","tag-homicidio","tag-itapicuru","tag-jeremoabo","tag-morte","tag-nova-soure","tag-novo-triunfo","tag-olindina","tag-paripiranga","tag-policia-civil","tag-quijingue","tag-ribeira-do-amparo","tag-ribeira-do-pombal","tag-sitio-do-quinto","tag-tucano"],"aioseo_notices":[],"_links":{"self":[{"href":"https:\/\/www.portalalerta.com.br\/index.php\/wp-json\/wp\/v2\/posts\/47972","targetHints":{"allow":["GET"]}}],"collection":[{"href":"https:\/\/www.portalalerta.com.br\/index.php\/wp-json\/wp\/v2\/posts"}],"about":[{"href":"https:\/\/www.portalalerta.com.br\/index.php\/wp-json\/wp\/v2\/types\/post"}],"author":[{"embeddable":true,"href":"https:\/\/www.portalalerta.com.br\/index.php\/wp-json\/wp\/v2\/users\/2"}],"replies":[{"embeddable":true,"href":"https:\/\/www.portalalerta.com.br\/index.php\/wp-json\/wp\/v2\/comments?post=47972"}],"version-history":[{"count":2,"href":"https:\/\/www.portalalerta.com.br\/index.php\/wp-json\/wp\/v2\/posts\/47972\/revisions"}],"predecessor-version":[{"id":47975,"href":"https:\/\/www.portalalerta.com.br\/index.php\/wp-json\/wp\/v2\/posts\/47972\/revisions\/47975"}],"wp:featuredmedia":[{"embeddable":true,"href":"https:\/\/www.portalalerta.com.br\/index.php\/wp-json\/wp\/v2\/media\/47973"}],"wp:attachment":[{"href":"https:\/\/www.portalalerta.com.br\/index.php\/wp-json\/wp\/v2\/media?parent=47972"}],"wp:term":[{"taxonomy":"category","embeddable":true,"href":"https:\/\/www.portalalerta.com.br\/index.php\/wp-json\/wp\/v2\/categories?post=47972"},{"taxonomy":"post_tag","embeddable":true,"href":"https:\/\/www.portalalerta.com.br\/index.php\/wp-json\/wp\/v2\/tags?post=47972"}],"curies":[{"name":"wp","href":"https:\/\/api.w.org\/{rel}","templated":true}]}}