{"id":4799,"date":"2018-02-18T19:28:29","date_gmt":"2018-02-18T22:28:29","guid":{"rendered":"http:\/\/www.portalalerta.com.br\/?p=4799"},"modified":"2018-02-18T19:36:20","modified_gmt":"2018-02-18T22:36:20","slug":"aviao-cai-no-ira-e-numero-de-mortos-chega-a-66","status":"publish","type":"post","link":"https:\/\/www.portalalerta.com.br\/index.php\/2018\/02\/18\/aviao-cai-no-ira-e-numero-de-mortos-chega-a-66\/","title":{"rendered":"Avi\u00e3o cai no Ir\u00e3 e n\u00famero de mortos chega a 66"},"content":{"rendered":"<p style=\"text-align: justify;\">Um avi\u00e3o iraniano que fazia um voo dom\u00e9stico caiu neste domingo de manh\u00e3 (18) na regi\u00e3o montanhosa do sudoeste do Ir\u00e3, sem deixar sobreviventes &#8211; anunciou um porta-voz da companhia a\u00e9rea Aseman, acrescentando que o n\u00famero de mortos chega a 66.<!--more--><\/p>\n<p style=\"text-align: justify;\">&#8220;Ap\u00f3s a busca na zona onde o avi\u00e3o caiu, fomos informados de que todas as pessoas a bordo morreram&#8221;, declarou o porta-voz da companhia, Mohamad Tabatabai, \u00e0 televis\u00e3o p\u00fablica iraniana.<\/p>\n<p style=\"text-align: justify;\">Viajavam na aeronave 60 passageiros, entre eles um menino, e seis membros da tripula\u00e7\u00e3o.<\/p>\n<p style=\"text-align: justify;\"><img decoding=\"async\" class=\"size-full wp-image-2814 alignleft\" src=\"http:\/\/www.portalalerta.com.br\/wp-content\/uploads\/2017\/11\/banner9.png\" alt=\"\" width=\"270\" height=\"174\" srcset=\"https:\/\/www.portalalerta.com.br\/wp-content\/uploads\/2017\/11\/banner9.png 270w, https:\/\/www.portalalerta.com.br\/wp-content\/uploads\/2017\/11\/banner9-227x146.png 227w, https:\/\/www.portalalerta.com.br\/wp-content\/uploads\/2017\/11\/banner9-50x32.png 50w, https:\/\/www.portalalerta.com.br\/wp-content\/uploads\/2017\/11\/banner9-116x75.png 116w\" sizes=\"(max-width: 270px) 100vw, 270px\" \/>O avi\u00e3o, que voava entre Teer\u00e3 e a cidade de Yassuj, &#8220;caiu na regi\u00e3o de Semirom&#8221;, cerca de 480 quil\u00f4metros ao sul da capital, declarou o chefe do Servi\u00e7o Nacional de Emerg\u00eancias, Pirhosein Koolovand, \u00e0s ag\u00eancias de not\u00edcias Isna e Fars.<\/p>\n<p style=\"text-align: justify;\">Semirom e Yassuj se encontram nas montanhas deUm avi\u00e3o iraniano que fazia um voo dom\u00e9stico caiu neste domingo de manh\u00e3 (18) na regi\u00e3o montanhosa do sudoeste do Ir\u00e3, sem deixar sobreviventes &#8211; anunciou um porta-voz da companhia a\u00e9rea Aseman, acrescentando que o n\u00famero de mortos chega a 66.<\/p>\n<p style=\"text-align: justify;\">&#8220;Ap\u00f3s a busca na zona onde o avi\u00e3o caiu, fomos informados de que todas as pessoas a bordo morreram&#8221;, declarou o porta-voz da companhia, Mohamad Tabatabai, \u00e0 televis\u00e3o p\u00fablica iraniana.<\/p>\n<p style=\"text-align: justify;\">Viajavam na aeronave 60 passageiros, entre eles um menino, e seis membros da tripula\u00e7\u00e3o.<\/p>\n<p style=\"text-align: justify;\">O avi\u00e3o, que voava entre Teer\u00e3 e a cidade de Yassuj, &#8220;caiu na regi\u00e3o de Semirom&#8221;, cerca de 480 quil\u00f4metros ao sul da capital, declarou o chefe do Servi\u00e7o Nacional de Emerg\u00eancias, Pirhosein Koolovand, \u00e0s ag\u00eancias de not\u00edcias Isna e Fars.<\/p>\n<p style=\"text-align: justify;\">Semirom e Yassuj se encontram nas montanhas de Zagros. Um helic\u00f3ptero de resgate foi enviado para o local da queda, j\u00e1 que, &#8220;devido ao relevo montanhoso da regi\u00e3o, \u00e9 imposs\u00edvel enviar ambul\u00e2ncias&#8221;, explicou o porta-voz dos Servi\u00e7os de Emerg\u00eancia, Mokhtaba Khaledi.<\/p>\n<p style=\"text-align: justify;\">Citado pela Isna, o presidente da Comiss\u00e3o sobre Seguran\u00e7a Nacional e Pol\u00edtica Externa do Parlamento iraniano, Alaedin Boruyerdi, trata-se de um avi\u00e3o da marca ATR, da Aseman Airlines. Zagros. Um helic\u00f3ptero de resgate foi enviado para o local da queda, j\u00e1 que, &#8220;devido ao relevo montanhoso da regi\u00e3o, \u00e9 imposs\u00edvel enviar ambul\u00e2ncias&#8221;, explicou o porta-voz dos Servi\u00e7os de Emerg\u00eancia, Mokhtaba Khaledi.<\/p>\n<p style=\"text-align: justify;\">Citado pela Isna, o presidente da Comiss\u00e3o sobre Seguran\u00e7a Nacional e Pol\u00edtica Externa do Parlamento iraniano, Alaedin Boruyerdi, trata-se de um avi\u00e3o da marca ATR, da Aseman Airlines.<\/p>\n<p style=\"text-align: justify;\"><em>Fonte: Portal Euclidense<\/em><\/p>\n","protected":false},"excerpt":{"rendered":"<p>Um avi\u00e3o iraniano que fazia um voo dom\u00e9stico caiu neste domingo de manh\u00e3 (18) na regi\u00e3o montanhosa do sudoeste do Ir\u00e3, sem deixar sobreviventes &#8211; anunciou um porta-voz da companhia a\u00e9rea Aseman, acrescentando que o n\u00famero de mortos chega a 66.<\/p>\n","protected":false},"author":2,"featured_media":4800,"comment_status":"closed","ping_status":"open","sticky":false,"template":"","format":"standard","meta":{"om_disable_all_campaigns":false,"_monsterinsights_skip_tracking":false,"_monsterinsights_sitenote_active":false,"_monsterinsights_sitenote_note":"","_monsterinsights_sitenote_category":0,"footnotes":""},"categories":[70,35,69],"tags":[477,609,608,339],"class_list":["post-4799","post","type-post","status-publish","format-standard","has-post-thumbnail","hentry","category-destaques","category-mundo","category-noticias2","tag-acidente-aereo","tag-ira","tag-mortos","tag-mundo"],"aioseo_notices":[],"_links":{"self":[{"href":"https:\/\/www.portalalerta.com.br\/index.php\/wp-json\/wp\/v2\/posts\/4799","targetHints":{"allow":["GET"]}}],"collection":[{"href":"https:\/\/www.portalalerta.com.br\/index.php\/wp-json\/wp\/v2\/posts"}],"about":[{"href":"https:\/\/www.portalalerta.com.br\/index.php\/wp-json\/wp\/v2\/types\/post"}],"author":[{"embeddable":true,"href":"https:\/\/www.portalalerta.com.br\/index.php\/wp-json\/wp\/v2\/users\/2"}],"replies":[{"embeddable":true,"href":"https:\/\/www.portalalerta.com.br\/index.php\/wp-json\/wp\/v2\/comments?post=4799"}],"version-history":[{"count":0,"href":"https:\/\/www.portalalerta.com.br\/index.php\/wp-json\/wp\/v2\/posts\/4799\/revisions"}],"wp:featuredmedia":[{"embeddable":true,"href":"https:\/\/www.portalalerta.com.br\/index.php\/wp-json\/wp\/v2\/media\/4800"}],"wp:attachment":[{"href":"https:\/\/www.portalalerta.com.br\/index.php\/wp-json\/wp\/v2\/media?parent=4799"}],"wp:term":[{"taxonomy":"category","embeddable":true,"href":"https:\/\/www.portalalerta.com.br\/index.php\/wp-json\/wp\/v2\/categories?post=4799"},{"taxonomy":"post_tag","embeddable":true,"href":"https:\/\/www.portalalerta.com.br\/index.php\/wp-json\/wp\/v2\/tags?post=4799"}],"curies":[{"name":"wp","href":"https:\/\/api.w.org\/{rel}","templated":true}]}}