{"id":47996,"date":"2023-03-20T16:02:00","date_gmt":"2023-03-20T19:02:00","guid":{"rendered":"https:\/\/www.portalalerta.com.br\/?p=47996"},"modified":"2023-03-19T20:15:05","modified_gmt":"2023-03-19T23:15:05","slug":"moro-diz-a-bolsonaristas-que-nao-contem-com-ele-para-impeachment-de-ministros-do-stf","status":"publish","type":"post","link":"https:\/\/www.portalalerta.com.br\/index.php\/2023\/03\/20\/moro-diz-a-bolsonaristas-que-nao-contem-com-ele-para-impeachment-de-ministros-do-stf\/","title":{"rendered":"Moro diz a bolsonaristas que &#8220;n\u00e3o contem com ele&#8221; para impeachment de ministros do STF"},"content":{"rendered":"\n<p>Ex-juiz afirmou a senadores bolsonaristas que tirar ministros de tribunais superiores de suas fun\u00e7\u00f5es por causa de suas decis\u00f5es fere a autonomia do Poder Judici\u00e1rio<\/p>\n\n\n\n<!--more-->\n\n\n<div class=\"wp-block-image\">\n<figure class=\"alignleft size-full is-resized\"><img fetchpriority=\"high\" decoding=\"async\" src=\"https:\/\/www.portalalerta.com.br\/wp-content\/uploads\/2021\/04\/ELAB.jpg\" alt=\"\" class=\"wp-image-34795\" width=\"380\" height=\"303\" srcset=\"https:\/\/www.portalalerta.com.br\/wp-content\/uploads\/2021\/04\/ELAB.jpg 1000w, https:\/\/www.portalalerta.com.br\/wp-content\/uploads\/2021\/04\/ELAB-300x240.jpg 300w, https:\/\/www.portalalerta.com.br\/wp-content\/uploads\/2021\/04\/ELAB-768x614.jpg 768w, https:\/\/www.portalalerta.com.br\/wp-content\/uploads\/2021\/04\/ELAB-183x146.jpg 183w, https:\/\/www.portalalerta.com.br\/wp-content\/uploads\/2021\/04\/ELAB-50x40.jpg 50w, https:\/\/www.portalalerta.com.br\/wp-content\/uploads\/2021\/04\/ELAB-94x75.jpg 94w\" sizes=\"(max-width: 380px) 100vw, 380px\" \/><\/figure><\/div>\n\n\n<p>O senador Sergio Moro (Uni\u00e3o Brasil-PR), que depois de 22 anos de magistratura, deixou a carreira e, em 2019, assumiu o cargo de ministro da Justi\u00e7a do governo do ent\u00e3o presidente Jair Bolsonaro (PL), avisou a bolsonaristas que n\u00e3o contem com ele para apoiar no Senado pedidos de impeachment de ministros do Supremo Tribunal Federal (STF) em raz\u00e3o de decis\u00f5es proferidas pelos magistrados.<\/p>\n\n\n\n<p>Ex-juiz, Moro afirmou a senadores bolsonaristas, conforme o Metr\u00f3poles, que tirar ministros de tribunais superiores de suas fun\u00e7\u00f5es por causa de suas decis\u00f5es fere a autonomia do Poder Judici\u00e1rio.<\/p>\n\n\n\n<p>Moro tamb\u00e9m exp\u00f4s aos colegas de Senado sua posi\u00e7\u00e3o sobre mandatos para ministros do Supremo: ele defende mandatos de 12 anos, mas prega que a nova regra s\u00f3 deveria valer para futuros novos integrantes da Corte<\/p>\n\n\n\n<p><em>Fonte: Metro1<\/em><\/p>\n","protected":false},"excerpt":{"rendered":"<p>Ex-juiz afirmou a senadores bolsonaristas que tirar ministros de tribunais superiores de suas fun\u00e7\u00f5es por causa de suas decis\u00f5es fere a autonomia do Poder Judici\u00e1rio<\/p>\n","protected":false},"author":2,"featured_media":29206,"comment_status":"open","ping_status":"open","sticky":false,"template":"","format":"standard","meta":{"om_disable_all_campaigns":false,"_monsterinsights_skip_tracking":false,"_monsterinsights_sitenote_active":false,"_monsterinsights_sitenote_note":"","_monsterinsights_sitenote_category":0,"footnotes":""},"categories":[34,70,69,21],"tags":[100,71,48,93,75,4178,4180,129,107,4181,132,230,106,203,120,51,109,88,47,233,443,111,216,190],"class_list":["post-47996","post","type-post","status-publish","format-standard","has-post-thumbnail","hentry","category-brasil","category-destaques","category-noticias2","category-politica","tag-adustina","tag-antas","tag-araci","tag-brasil","tag-cicero-dantas","tag-cipo-2","tag-crisopolis-2","tag-euclides-da-cunha","tag-fatima","tag-heliopolis-2","tag-itapicuru","tag-jeremoabo","tag-nova-soure","tag-novo-triunfo","tag-olindina","tag-paripiranga","tag-quijingue","tag-ribeira-do-amparo","tag-ribeira-do-pombal","tag-senador","tag-sergio-moro","tag-sitio-do-quinto","tag-stf","tag-tucano"],"aioseo_notices":[],"_links":{"self":[{"href":"https:\/\/www.portalalerta.com.br\/index.php\/wp-json\/wp\/v2\/posts\/47996","targetHints":{"allow":["GET"]}}],"collection":[{"href":"https:\/\/www.portalalerta.com.br\/index.php\/wp-json\/wp\/v2\/posts"}],"about":[{"href":"https:\/\/www.portalalerta.com.br\/index.php\/wp-json\/wp\/v2\/types\/post"}],"author":[{"embeddable":true,"href":"https:\/\/www.portalalerta.com.br\/index.php\/wp-json\/wp\/v2\/users\/2"}],"replies":[{"embeddable":true,"href":"https:\/\/www.portalalerta.com.br\/index.php\/wp-json\/wp\/v2\/comments?post=47996"}],"version-history":[{"count":1,"href":"https:\/\/www.portalalerta.com.br\/index.php\/wp-json\/wp\/v2\/posts\/47996\/revisions"}],"predecessor-version":[{"id":47997,"href":"https:\/\/www.portalalerta.com.br\/index.php\/wp-json\/wp\/v2\/posts\/47996\/revisions\/47997"}],"wp:featuredmedia":[{"embeddable":true,"href":"https:\/\/www.portalalerta.com.br\/index.php\/wp-json\/wp\/v2\/media\/29206"}],"wp:attachment":[{"href":"https:\/\/www.portalalerta.com.br\/index.php\/wp-json\/wp\/v2\/media?parent=47996"}],"wp:term":[{"taxonomy":"category","embeddable":true,"href":"https:\/\/www.portalalerta.com.br\/index.php\/wp-json\/wp\/v2\/categories?post=47996"},{"taxonomy":"post_tag","embeddable":true,"href":"https:\/\/www.portalalerta.com.br\/index.php\/wp-json\/wp\/v2\/tags?post=47996"}],"curies":[{"name":"wp","href":"https:\/\/api.w.org\/{rel}","templated":true}]}}