{"id":48000,"date":"2023-03-21T07:00:00","date_gmt":"2023-03-21T10:00:00","guid":{"rendered":"https:\/\/www.portalalerta.com.br\/?p=48000"},"modified":"2023-03-20T23:54:27","modified_gmt":"2023-03-21T02:54:27","slug":"cacique-flavio-e-nomeado-na-saude-indigena-da-bahia","status":"publish","type":"post","link":"https:\/\/www.portalalerta.com.br\/index.php\/2023\/03\/21\/cacique-flavio-e-nomeado-na-saude-indigena-da-bahia\/","title":{"rendered":"Cacique Fl\u00e1vio \u00e9 nomeado na Sa\u00fade Ind\u00edgena da Bahia"},"content":{"rendered":"\n<p>O vereador do munic\u00edpio de Euclides da Cunha-BA, Cacique Fl\u00e1vio, foi nomeado como coordenador do Distrito Sanit\u00e1rio Ind\u00edgena da Bahia (Dsei-BA), publicado na \u00faltima sexta-feira, (17), do Di\u00e1rio Oficial da Uni\u00e3o (DOU) e assinada pela ministra da Sa\u00fade, N\u00edsia Trindade.<\/p>\n\n\n\n<!--more-->\n\n\n<div class=\"wp-block-image\">\n<figure class=\"alignleft size-large is-resized\"><img fetchpriority=\"high\" decoding=\"async\" src=\"https:\/\/www.portalalerta.com.br\/wp-content\/uploads\/2023\/01\/Real-Volta-as-Aulas-2023-816x1024.jpeg\" alt=\"\" class=\"wp-image-46862\" width=\"442\" height=\"555\"\/><\/figure><\/div>\n\n\n<p>Fl\u00e1vio de Jesus assume a coordena\u00e7\u00e3o do DSEI Bahia, que estava sem titular para o cargo desde o dia 23 de janeiro.<\/p>\n\n\n\n<p><em>Fonte: Joilson Costa<\/em><\/p>\n\n\n\n<p><em>Com informa\u00e7\u00f5es: euclidesdacunha.com.br<\/em><\/p>\n","protected":false},"excerpt":{"rendered":"<p>O vereador do munic\u00edpio de Euclides da Cunha-BA, Cacique Fl\u00e1vio, foi nomeado como coordenador do Distrito Sanit\u00e1rio Ind\u00edgena da Bahia (Dsei-BA), publicado na \u00faltima sexta-feira, (17), do Di\u00e1rio Oficial da Uni\u00e3o (DOU) e assinada pela ministra da Sa\u00fade, N\u00edsia Trindade.<\/p>\n","protected":false},"author":2,"featured_media":48001,"comment_status":"open","ping_status":"open","sticky":false,"template":"","format":"standard","meta":{"om_disable_all_campaigns":false,"_monsterinsights_skip_tracking":false,"_monsterinsights_sitenote_active":false,"_monsterinsights_sitenote_note":"","_monsterinsights_sitenote_category":0,"footnotes":""},"categories":[34,70,17,69,21,32,19],"tags":[100,71,48,5998,75,4178,4180,129,107,4181,483,132,230,106,203,120,51,109,88,47,61,111,190],"class_list":["post-48000","post","type-post","status-publish","format-standard","has-post-thumbnail","hentry","category-brasil","category-destaques","category-euclides-da-cunha","category-noticias2","category-politica","category-regiao","category-saude","tag-adustina","tag-antas","tag-araci","tag-cacique-flavio","tag-cicero-dantas","tag-cipo-2","tag-crisopolis-2","tag-euclides-da-cunha","tag-fatima","tag-heliopolis-2","tag-indios","tag-itapicuru","tag-jeremoabo","tag-nova-soure","tag-novo-triunfo","tag-olindina","tag-paripiranga","tag-quijingue","tag-ribeira-do-amparo","tag-ribeira-do-pombal","tag-saude","tag-sitio-do-quinto","tag-tucano"],"aioseo_notices":[],"_links":{"self":[{"href":"https:\/\/www.portalalerta.com.br\/index.php\/wp-json\/wp\/v2\/posts\/48000","targetHints":{"allow":["GET"]}}],"collection":[{"href":"https:\/\/www.portalalerta.com.br\/index.php\/wp-json\/wp\/v2\/posts"}],"about":[{"href":"https:\/\/www.portalalerta.com.br\/index.php\/wp-json\/wp\/v2\/types\/post"}],"author":[{"embeddable":true,"href":"https:\/\/www.portalalerta.com.br\/index.php\/wp-json\/wp\/v2\/users\/2"}],"replies":[{"embeddable":true,"href":"https:\/\/www.portalalerta.com.br\/index.php\/wp-json\/wp\/v2\/comments?post=48000"}],"version-history":[{"count":1,"href":"https:\/\/www.portalalerta.com.br\/index.php\/wp-json\/wp\/v2\/posts\/48000\/revisions"}],"predecessor-version":[{"id":48002,"href":"https:\/\/www.portalalerta.com.br\/index.php\/wp-json\/wp\/v2\/posts\/48000\/revisions\/48002"}],"wp:featuredmedia":[{"embeddable":true,"href":"https:\/\/www.portalalerta.com.br\/index.php\/wp-json\/wp\/v2\/media\/48001"}],"wp:attachment":[{"href":"https:\/\/www.portalalerta.com.br\/index.php\/wp-json\/wp\/v2\/media?parent=48000"}],"wp:term":[{"taxonomy":"category","embeddable":true,"href":"https:\/\/www.portalalerta.com.br\/index.php\/wp-json\/wp\/v2\/categories?post=48000"},{"taxonomy":"post_tag","embeddable":true,"href":"https:\/\/www.portalalerta.com.br\/index.php\/wp-json\/wp\/v2\/tags?post=48000"}],"curies":[{"name":"wp","href":"https:\/\/api.w.org\/{rel}","templated":true}]}}