{"id":48008,"date":"2023-03-21T07:03:00","date_gmt":"2023-03-21T10:03:00","guid":{"rendered":"https:\/\/www.portalalerta.com.br\/?p=48008"},"modified":"2023-03-21T07:08:39","modified_gmt":"2023-03-21T10:08:39","slug":"calendario-bolsa-familia-caixa-comeca-o-pagamento-nesta-segunda-veja-quem-recebe","status":"publish","type":"post","link":"https:\/\/www.portalalerta.com.br\/index.php\/2023\/03\/21\/calendario-bolsa-familia-caixa-comeca-o-pagamento-nesta-segunda-veja-quem-recebe\/","title":{"rendered":"Calend\u00e1rio Bolsa Fam\u00edlia: Caixa come\u00e7ou o pagamento nesta segunda; veja quem recebe"},"content":{"rendered":"\n<p><strong>Novo programa substitui o Aux\u00edlio Brasil e j\u00e1 come\u00e7a com o pagamento de R$ 600 por fam\u00edlia e mais R$ 150 por crian\u00e7a de at\u00e9 seis anos de idade.<\/strong><\/p>\n\n\n\n<!--more-->\n\n\n\n<p>A&nbsp;Caixa Econ\u00f4mica Federal&nbsp;come\u00e7ou o pagamento do novo&nbsp;Bolsa Fam\u00edlia&nbsp;nesta segunda-feira (20). O programa, que substitui o&nbsp;Aux\u00edlio Brasil, foi lan\u00e7ado no come\u00e7o deste m\u00eas pelo presidente Luiz In\u00e1cio&nbsp;Lula&nbsp;da Silva (PT) e atende fam\u00edlias com renda per capita classificada como situa\u00e7\u00e3o de pobreza ou de extrema pobreza.<\/p>\n\n\n\n<p>O programa j\u00e1 come\u00e7a com o&nbsp;pagamento de R$ 600 por fam\u00edlia e mais R$ 150 por crian\u00e7a de at\u00e9 seis anos de idade. A partir de junho, passar\u00e1 a pagar um&nbsp;adicional de R$ 50 por integrante entre 7 e 18 anos incompletos e mulheres gestantes cadastradas na fam\u00edlia.<\/p>\n\n\n\n<p>Os pagamentos come\u00e7aram nesta segunda-feira para os benefici\u00e1rios com&nbsp;<strong>N\u00famero de Identifica\u00e7\u00e3o Social (NIS) com final 1<\/strong>&nbsp;e ser\u00e3o feitos de forma gradativa at\u00e9 31 de mar\u00e7o.<\/p>\n\n\n\n<p><strong>Veja abaixo o calend\u00e1rio de pagamento<\/strong><\/p>\n\n\n<div class=\"wp-block-image\">\n<figure class=\"alignright size-full\"><img fetchpriority=\"high\" decoding=\"async\" width=\"400\" height=\"300\" src=\"https:\/\/www.portalalerta.com.br\/wp-content\/uploads\/2023\/01\/Auto-Escola-Sonho.jpg\" alt=\"\" class=\"wp-image-47083\" srcset=\"https:\/\/www.portalalerta.com.br\/wp-content\/uploads\/2023\/01\/Auto-Escola-Sonho.jpg 400w, https:\/\/www.portalalerta.com.br\/wp-content\/uploads\/2023\/01\/Auto-Escola-Sonho-320x240.jpg 320w\" sizes=\"(max-width: 400px) 100vw, 400px\" \/><\/figure><\/div>\n\n\n<ul class=\"wp-block-list\">\n<li>20 de mar\u00e7o \u2013 NIS com final 1<\/li>\n\n\n\n<li>21 de mar\u00e7o \u2013 NIS com final 2<\/li>\n\n\n\n<li>22 de mar\u00e7o \u2013 NIS com final 3<\/li>\n\n\n\n<li>23 de mar\u00e7o \u2013 NIS com final 4<\/li>\n\n\n\n<li>24 de mar\u00e7o \u2013 NIS com final 5<\/li>\n\n\n\n<li>27 de mar\u00e7o \u2013 NIS com final 6<\/li>\n\n\n\n<li>28 de mar\u00e7o \u2013 NIS com final 7<\/li>\n\n\n\n<li>29 de mar\u00e7o \u2013 NIS com final 8<\/li>\n\n\n\n<li>30 de mar\u00e7o \u2013 NIS com final 9<\/li>\n\n\n\n<li>31 de mar\u00e7o \u2013 NIS com final 0<\/li>\n<\/ul>\n\n\n\n<p>As fam\u00edlias eleg\u00edveis migrar\u00e3o automaticamente do Aux\u00edlio Brasil para o Bolsa Fam\u00edlia, sem necessidade de realizar um novo cadastro.<\/p>\n\n\n\n<p>Os cart\u00f5es e senhas utilizados para o saque do Aux\u00edlio Brasil continuar\u00e3o v\u00e1lidos&nbsp;e poder\u00e3o ser utilizados para o recebimento do Bolsa Fam\u00edlia.<\/p>\n\n\n\n<p>J\u00e1 as fam\u00edlias que recebem o benef\u00edcio pelo aplicativo Caixa Tem, em conta Poupan\u00e7a Social Digital, receber\u00e3o o Bolsa Fam\u00edlia na mesma modalidade de pagamento e poder\u00e3o movimentar os recursos pelo aplicativo.<\/p>\n\n\n\n<p>Al\u00e9m disso, um novo aplicativo Bolsa Fam\u00edlia para smartphones tamb\u00e9m deve ser lan\u00e7ado para substituir o aplicativo do Aux\u00edlio Brasil.<\/p>\n\n\n\n<p>Segundo a Caixa, os canais para movimenta\u00e7\u00e3o dos valores e consulta de informa\u00e7\u00f5es permanecem os mesmos: aplicativo Caixa Tem, terminais de autoatendimento e ag\u00eancias f\u00edsicas da Caixa, unidades lot\u00e9ricas e correspondentes Caixa Aqui.<\/p>\n\n\n\n<p><strong>Lan\u00e7amento do programa<\/strong><\/p>\n\n\n\n<p>O presidente Lula assinou em 2 de mar\u00e7o a medida provis\u00f3ria (MP) que institui o novo Bolsa Fam\u00edlia.<\/p>\n\n\n\n<p>A MP entrou em vigor ao ser publicada no Di\u00e1rio Oficial da Uni\u00e3o, mas ainda precisa ser aprovada pelo Congresso Nacional. Caso n\u00e3o seja aprovada, o programa institu\u00eddo pela MP deixa de existir.<\/p>\n\n\n\n<p>A nova legisla\u00e7\u00e3o&nbsp;permite acesso ao Bolsa Fam\u00edlia a fam\u00edlias com renda de at\u00e9 R$ 218 por pessoa. Com o novo Bolsa Fam\u00edlia, o governo pretende proporcionar pelo menos R$ 142 por pessoa em cada casa.<\/p>\n\n\n\n<p>O impacto do novo programa em 2023 ser\u00e1 de menos de<strong>&nbsp;R$ 175 bilh\u00f5es no Or\u00e7amento da Uni\u00e3o<\/strong>.<\/p>\n\n\n\n<p><strong>Regras<\/strong><\/p>\n\n\n\n<p>\ud83d\udcb2&nbsp;<strong>Quem tem direito ao Bolsa Fam\u00edlia?<\/strong>&nbsp;Para receber o benef\u00edcio, o governo determina algumas regras:<\/p>\n\n\n\n<ul class=\"wp-block-list\">\n<li>A fam\u00edlia precisa ter renda per capita (por pessoa) que seja classificada na condi\u00e7\u00e3o de pobreza ou de extrema pobreza. A nova legisla\u00e7\u00e3o prev\u00ea&nbsp;<strong>renda de at\u00e9 R$ 282 por pessoa.<\/strong><\/li>\n\n\n\n<li>Tamb\u00e9m tem que estar com dados atualizados no Cadastro \u00danico, base do governo com as pessoas em situa\u00e7\u00e3o de vulnerabilidade.<\/li>\n<\/ul>\n\n\n\n<p>&nbsp;<strong>Condicionantes:&nbsp;<\/strong>O governo afirmou que os benefici\u00e1rios v\u00e3o ter que arcar com contrapartidas, como:<\/p>\n\n\n\n<ul class=\"wp-block-list\">\n<li>manter crian\u00e7as de 4 a 5 anos com frequ\u00eancia escolar m\u00ednima de 60%;<\/li>\n\n\n\n<li>manter 75% de frequ\u00eancia escolar m\u00ednima para jovens de 6 a 18 anos de idade e para quem n\u00e3o concluiu a educa\u00e7\u00e3o b\u00e1sica;<\/li>\n\n\n\n<li>fazer o acompanhamento pr\u00e9-natal (no caso de gestantes);<\/li>\n\n\n\n<li>manter as carteiras de vacina\u00e7\u00e3o atualizadas da fam\u00edlia inteira.<\/li>\n<\/ul>\n\n\n\n<p><em>Fonte: G1<\/em><\/p>\n","protected":false},"excerpt":{"rendered":"<p>Novo programa substitui o Aux\u00edlio Brasil e j\u00e1 come\u00e7a com o pagamento de R$ 600 por fam\u00edlia e mais R$ 150 por crian\u00e7a de at\u00e9 seis anos de idade.<\/p>\n","protected":false},"author":2,"featured_media":48009,"comment_status":"open","ping_status":"open","sticky":false,"template":"","format":"standard","meta":{"om_disable_all_campaigns":false,"_monsterinsights_skip_tracking":false,"_monsterinsights_sitenote_active":false,"_monsterinsights_sitenote_note":"","_monsterinsights_sitenote_category":0,"footnotes":""},"categories":[34,70,69,21],"tags":[100,71,48,306,93,75,4178,4180,129,107,4181,132,230,106,203,120,51,109,88,47,111,190],"class_list":["post-48008","post","type-post","status-publish","format-standard","has-post-thumbnail","hentry","category-brasil","category-destaques","category-noticias2","category-politica","tag-adustina","tag-antas","tag-araci","tag-bolsa-familia","tag-brasil","tag-cicero-dantas","tag-cipo-2","tag-crisopolis-2","tag-euclides-da-cunha","tag-fatima","tag-heliopolis-2","tag-itapicuru","tag-jeremoabo","tag-nova-soure","tag-novo-triunfo","tag-olindina","tag-paripiranga","tag-quijingue","tag-ribeira-do-amparo","tag-ribeira-do-pombal","tag-sitio-do-quinto","tag-tucano"],"aioseo_notices":[],"_links":{"self":[{"href":"https:\/\/www.portalalerta.com.br\/index.php\/wp-json\/wp\/v2\/posts\/48008","targetHints":{"allow":["GET"]}}],"collection":[{"href":"https:\/\/www.portalalerta.com.br\/index.php\/wp-json\/wp\/v2\/posts"}],"about":[{"href":"https:\/\/www.portalalerta.com.br\/index.php\/wp-json\/wp\/v2\/types\/post"}],"author":[{"embeddable":true,"href":"https:\/\/www.portalalerta.com.br\/index.php\/wp-json\/wp\/v2\/users\/2"}],"replies":[{"embeddable":true,"href":"https:\/\/www.portalalerta.com.br\/index.php\/wp-json\/wp\/v2\/comments?post=48008"}],"version-history":[{"count":2,"href":"https:\/\/www.portalalerta.com.br\/index.php\/wp-json\/wp\/v2\/posts\/48008\/revisions"}],"predecessor-version":[{"id":48011,"href":"https:\/\/www.portalalerta.com.br\/index.php\/wp-json\/wp\/v2\/posts\/48008\/revisions\/48011"}],"wp:featuredmedia":[{"embeddable":true,"href":"https:\/\/www.portalalerta.com.br\/index.php\/wp-json\/wp\/v2\/media\/48009"}],"wp:attachment":[{"href":"https:\/\/www.portalalerta.com.br\/index.php\/wp-json\/wp\/v2\/media?parent=48008"}],"wp:term":[{"taxonomy":"category","embeddable":true,"href":"https:\/\/www.portalalerta.com.br\/index.php\/wp-json\/wp\/v2\/categories?post=48008"},{"taxonomy":"post_tag","embeddable":true,"href":"https:\/\/www.portalalerta.com.br\/index.php\/wp-json\/wp\/v2\/tags?post=48008"}],"curies":[{"name":"wp","href":"https:\/\/api.w.org\/{rel}","templated":true}]}}