{"id":48018,"date":"2023-03-21T10:46:44","date_gmt":"2023-03-21T13:46:44","guid":{"rendered":"https:\/\/www.portalalerta.com.br\/?p=48018"},"modified":"2023-03-21T10:46:45","modified_gmt":"2023-03-21T13:46:45","slug":"caso-dr-andrade-acusado-de-assassinar-medico-vai-a-juri-popular","status":"publish","type":"post","link":"https:\/\/www.portalalerta.com.br\/index.php\/2023\/03\/21\/caso-dr-andrade-acusado-de-assassinar-medico-vai-a-juri-popular\/","title":{"rendered":"Caso Dr. Andrade: Acusado de assassinar m\u00e9dico vai a J\u00fari Popular"},"content":{"rendered":"\n<p>O m\u00e9dico Geraldo Freitas de Carvalho J\u00fanior, acusado de matar o colega Andrade Lopes, tamb\u00e9m m\u00e9dico, ir\u00e1 a J\u00fari Popular. A informa\u00e7\u00e3o \u00e9 do site Acorda Cidade.<\/p>\n\n\n\n<!--more-->\n\n\n\n<p>Geraldo foi pronunciado na \u00faltima sexta-feira (17) pela ju\u00edza M\u00e1rcia Sim\u00f5es Costa, titular da Vara do J\u00fari de Feira de Santana. Ele est\u00e1 preso no Conjunto Penal de Feira de Santana desde o dia 28 de maio de 2021.<\/p>\n\n\n\n<p>O crime ocorreu <strong><a href=\"http:\/\/O m\u00e9dico Geraldo Freitas de Carvalho J\u00fanior, acusado de matar o colega Andrade Lopes, tamb\u00e9m m\u00e9dico, ir\u00e1 a J\u00fari Popular. A informa\u00e7\u00e3o \u00e9 do site Acorda Cidade. Geraldo foi pronunciado na \u00faltima sexta-feira (17) pela ju\u00edza M\u00e1rcia Sim\u00f5es Costa, titular da Vara do J\u00fari de Feira de Santana. Ele est\u00e1 preso no Conjunto Penal de Feira de Santana desde o dia 28 de maio de 2021. O crime ocorreu no dia 24 de maio do mesmo ano, na cidade de Araci. A v\u00edtima foi assassinada e jogada no Rio Jacu\u00edpe, presa a uma \u00e2ncora. Apesar do pronunciamento da ju\u00edza da Vara do J\u00fari, os advogados do acusado ainda ser\u00e3o intimados e podem recorrer da decis\u00e3o junto ao Tribunal de Justi\u00e7a da Bahia. O m\u00e9dico confessou ter matado Andrade Lopes e justificou ter cometido o crime ap\u00f3s ter premoni\u00e7\u00f5es. Fonte: Tribuna Sisaleira\">no dia 24 de maio do mesmo ano<\/a><\/strong>, na cidade de Araci. A v\u00edtima foi assassinada e jogada no Rio Jacu\u00edpe, presa a uma \u00e2ncora.<\/p>\n\n\n\n<p>Apesar do pronunciamento da ju\u00edza da Vara do J\u00fari, os advogados do acusado ainda ser\u00e3o intimados e podem recorrer da decis\u00e3o junto ao Tribunal de Justi\u00e7a da Bahia.<\/p>\n\n\n\n<p>O m\u00e9dico confessou ter matado Andrade Lopes e justificou ter cometido o crime ap\u00f3s ter premoni\u00e7\u00f5es.<\/p>\n\n\n\n<p><em>Fonte: Tribuna Sisaleira<\/em><\/p>\n","protected":false},"excerpt":{"rendered":"<p>O m\u00e9dico Geraldo Freitas de Carvalho J\u00fanior, acusado de matar o colega Andrade Lopes, tamb\u00e9m m\u00e9dico, ir\u00e1 a J\u00fari Popular. A informa\u00e7\u00e3o \u00e9 do site Acorda Cidade.<\/p>\n","protected":false},"author":2,"featured_media":35457,"comment_status":"open","ping_status":"open","sticky":false,"template":"","format":"standard","meta":{"om_disable_all_campaigns":false,"_monsterinsights_skip_tracking":false,"_monsterinsights_sitenote_active":false,"_monsterinsights_sitenote_note":"","_monsterinsights_sitenote_category":0,"footnotes":""},"categories":[41,33,70,69,32,22,12],"tags":[100,71,48,75,4178,4180,129,107,4181,206,132,230,837,1345,106,203,120,51,109,88,47,111,190],"class_list":["post-48018","post","type-post","status-publish","format-standard","has-post-thumbnail","hentry","category-araci","category-bahia","category-destaques","category-noticias2","category-regiao","category-seguranca","category-tucano","tag-adustina","tag-antas","tag-araci","tag-cicero-dantas","tag-cipo-2","tag-crisopolis-2","tag-euclides-da-cunha","tag-fatima","tag-heliopolis-2","tag-homicidio","tag-itapicuru","tag-jeremoabo","tag-juri-popular","tag-medico","tag-nova-soure","tag-novo-triunfo","tag-olindina","tag-paripiranga","tag-quijingue","tag-ribeira-do-amparo","tag-ribeira-do-pombal","tag-sitio-do-quinto","tag-tucano"],"aioseo_notices":[],"_links":{"self":[{"href":"https:\/\/www.portalalerta.com.br\/index.php\/wp-json\/wp\/v2\/posts\/48018","targetHints":{"allow":["GET"]}}],"collection":[{"href":"https:\/\/www.portalalerta.com.br\/index.php\/wp-json\/wp\/v2\/posts"}],"about":[{"href":"https:\/\/www.portalalerta.com.br\/index.php\/wp-json\/wp\/v2\/types\/post"}],"author":[{"embeddable":true,"href":"https:\/\/www.portalalerta.com.br\/index.php\/wp-json\/wp\/v2\/users\/2"}],"replies":[{"embeddable":true,"href":"https:\/\/www.portalalerta.com.br\/index.php\/wp-json\/wp\/v2\/comments?post=48018"}],"version-history":[{"count":1,"href":"https:\/\/www.portalalerta.com.br\/index.php\/wp-json\/wp\/v2\/posts\/48018\/revisions"}],"predecessor-version":[{"id":48019,"href":"https:\/\/www.portalalerta.com.br\/index.php\/wp-json\/wp\/v2\/posts\/48018\/revisions\/48019"}],"wp:featuredmedia":[{"embeddable":true,"href":"https:\/\/www.portalalerta.com.br\/index.php\/wp-json\/wp\/v2\/media\/35457"}],"wp:attachment":[{"href":"https:\/\/www.portalalerta.com.br\/index.php\/wp-json\/wp\/v2\/media?parent=48018"}],"wp:term":[{"taxonomy":"category","embeddable":true,"href":"https:\/\/www.portalalerta.com.br\/index.php\/wp-json\/wp\/v2\/categories?post=48018"},{"taxonomy":"post_tag","embeddable":true,"href":"https:\/\/www.portalalerta.com.br\/index.php\/wp-json\/wp\/v2\/tags?post=48018"}],"curies":[{"name":"wp","href":"https:\/\/api.w.org\/{rel}","templated":true}]}}