{"id":48020,"date":"2023-03-21T10:52:14","date_gmt":"2023-03-21T13:52:14","guid":{"rendered":"https:\/\/www.portalalerta.com.br\/?p=48020"},"modified":"2023-03-21T10:52:16","modified_gmt":"2023-03-21T13:52:16","slug":"lula-relanca-programa-mais-medicos-nao-importa-a-nacionalidade-do-medico","status":"publish","type":"post","link":"https:\/\/www.portalalerta.com.br\/index.php\/2023\/03\/21\/lula-relanca-programa-mais-medicos-nao-importa-a-nacionalidade-do-medico\/","title":{"rendered":"Lula relan\u00e7a programa &#8216;Mais M\u00e9dicos&#8217;: &#8220;N\u00e3o importa a nacionalidade do m\u00e9dico&#8221;"},"content":{"rendered":"\n<p>Presidente disse, no entanto, que brasileiros ter\u00e3o prioridade<\/p>\n\n\n\n<!--more-->\n\n\n\n<p>O presidente Luiz In\u00e1cio Lula da Silva (PT) lan\u00e7ou, nesta segunda-feira (20)&nbsp;a retomada do programa <strong>\u201cMais M\u00e9dicos\u201d<\/strong>. Durante o evento de lan\u00e7amento, o petista garantiu que dar\u00e1 prioridade para m\u00e9dicos brasileiros, mas o programa tamb\u00e9m contar\u00e1 com a presen\u00e7a de estrangeiros se as vagas disponibilizadas n\u00e3o forem preenchidas.<\/p>\n\n\n<div class=\"wp-block-image\">\n<figure class=\"alignleft size-full is-resized\"><img fetchpriority=\"high\" decoding=\"async\" src=\"https:\/\/www.portalalerta.com.br\/wp-content\/uploads\/2021\/04\/ELAB.jpg\" alt=\"\" class=\"wp-image-34795\" width=\"425\" height=\"339\" srcset=\"https:\/\/www.portalalerta.com.br\/wp-content\/uploads\/2021\/04\/ELAB.jpg 1000w, https:\/\/www.portalalerta.com.br\/wp-content\/uploads\/2021\/04\/ELAB-300x240.jpg 300w, https:\/\/www.portalalerta.com.br\/wp-content\/uploads\/2021\/04\/ELAB-768x614.jpg 768w, https:\/\/www.portalalerta.com.br\/wp-content\/uploads\/2021\/04\/ELAB-183x146.jpg 183w, https:\/\/www.portalalerta.com.br\/wp-content\/uploads\/2021\/04\/ELAB-50x40.jpg 50w, https:\/\/www.portalalerta.com.br\/wp-content\/uploads\/2021\/04\/ELAB-94x75.jpg 94w\" sizes=\"(max-width: 425px) 100vw, 425px\" \/><\/figure><\/div>\n\n\n<p><strong><em>\u201cQueremos que todos os m\u00e9dicos que se inscrevam sejam brasileiros formados adequadamente. Se n\u00e3o tiver, vamos dar oportunidade a brasileiros formados no exterior ou estrangeiros que atuem no Brasil. Se ainda n\u00e3o tiver, faremos um chamamento para que m\u00e9dicos estrangeiros ocupem essa tarefa\u201d<\/em><\/strong>, disse Lula. <strong><em>\u201cO que importa n\u00e3o \u00e9 saber a nacionalidade do m\u00e9dico, e sim a do paciente, que \u00e9 um brasileiro precisando de atendimento\u201d<\/em><\/strong>, acrescentou.<\/p>\n\n\n\n<p>Durante sua fala, Lula ainda destacou o sucesso que o programa teve no passado. <strong><em>\u201cTentaram acabar com o \u2018Mais M\u00e9dicos\u2019, tentaram fazer uma imagem pejorativa do programa, e n\u00e3o tiveram sequer vergonha de pedir desculpa aos m\u00e9dicos cubanos que foram embora desse pa\u00eds depois de prestar um servi\u00e7o extraordin\u00e1rio ao povo brasileiro\u201d<\/em><\/strong>, destacou.<\/p>\n\n\n\n<p><em>Fonte: Metro1<\/em><\/p>\n","protected":false},"excerpt":{"rendered":"<p>Presidente disse, no entanto, que brasileiros ter\u00e3o prioridade<\/p>\n","protected":false},"author":2,"featured_media":48021,"comment_status":"open","ping_status":"open","sticky":false,"template":"","format":"standard","meta":{"om_disable_all_campaigns":false,"_monsterinsights_skip_tracking":false,"_monsterinsights_sitenote_active":false,"_monsterinsights_sitenote_note":"","_monsterinsights_sitenote_category":0,"footnotes":""},"categories":[34,70,69,21,19],"tags":[100,71,48,93,75,4178,4180,129,107,4181,132,230,303,1775,106,203,120,51,1152,109,88,47,61,111,190],"class_list":["post-48020","post","type-post","status-publish","format-standard","has-post-thumbnail","hentry","category-brasil","category-destaques","category-noticias2","category-politica","category-saude","tag-adustina","tag-antas","tag-araci","tag-brasil","tag-cicero-dantas","tag-cipo-2","tag-crisopolis-2","tag-euclides-da-cunha","tag-fatima","tag-heliopolis-2","tag-itapicuru","tag-jeremoabo","tag-lula","tag-mais-medicos","tag-nova-soure","tag-novo-triunfo","tag-olindina","tag-paripiranga","tag-presidente-da-republica","tag-quijingue","tag-ribeira-do-amparo","tag-ribeira-do-pombal","tag-saude","tag-sitio-do-quinto","tag-tucano"],"aioseo_notices":[],"_links":{"self":[{"href":"https:\/\/www.portalalerta.com.br\/index.php\/wp-json\/wp\/v2\/posts\/48020","targetHints":{"allow":["GET"]}}],"collection":[{"href":"https:\/\/www.portalalerta.com.br\/index.php\/wp-json\/wp\/v2\/posts"}],"about":[{"href":"https:\/\/www.portalalerta.com.br\/index.php\/wp-json\/wp\/v2\/types\/post"}],"author":[{"embeddable":true,"href":"https:\/\/www.portalalerta.com.br\/index.php\/wp-json\/wp\/v2\/users\/2"}],"replies":[{"embeddable":true,"href":"https:\/\/www.portalalerta.com.br\/index.php\/wp-json\/wp\/v2\/comments?post=48020"}],"version-history":[{"count":1,"href":"https:\/\/www.portalalerta.com.br\/index.php\/wp-json\/wp\/v2\/posts\/48020\/revisions"}],"predecessor-version":[{"id":48022,"href":"https:\/\/www.portalalerta.com.br\/index.php\/wp-json\/wp\/v2\/posts\/48020\/revisions\/48022"}],"wp:featuredmedia":[{"embeddable":true,"href":"https:\/\/www.portalalerta.com.br\/index.php\/wp-json\/wp\/v2\/media\/48021"}],"wp:attachment":[{"href":"https:\/\/www.portalalerta.com.br\/index.php\/wp-json\/wp\/v2\/media?parent=48020"}],"wp:term":[{"taxonomy":"category","embeddable":true,"href":"https:\/\/www.portalalerta.com.br\/index.php\/wp-json\/wp\/v2\/categories?post=48020"},{"taxonomy":"post_tag","embeddable":true,"href":"https:\/\/www.portalalerta.com.br\/index.php\/wp-json\/wp\/v2\/tags?post=48020"}],"curies":[{"name":"wp","href":"https:\/\/api.w.org\/{rel}","templated":true}]}}