{"id":48029,"date":"2023-03-21T17:57:39","date_gmt":"2023-03-21T20:57:39","guid":{"rendered":"https:\/\/www.portalalerta.com.br\/?p=48029"},"modified":"2023-03-21T17:57:41","modified_gmt":"2023-03-21T20:57:41","slug":"aplb-sindicato-jeremoabo-ba-participa-da-sessao-da-camara-para-cobrancas-a-gestao-municipal","status":"publish","type":"post","link":"https:\/\/www.portalalerta.com.br\/index.php\/2023\/03\/21\/aplb-sindicato-jeremoabo-ba-participa-da-sessao-da-camara-para-cobrancas-a-gestao-municipal\/","title":{"rendered":"APLB Sindicato Jeremoabo-BA participa da sess\u00e3o da C\u00e2mara para cobran\u00e7as \u00e0 gest\u00e3o municipal"},"content":{"rendered":"\n<p>O Diretor da APLB Sindicato em Jeremoabo-BA, J\u00falio C\u00e9sar, utilizou da tribuna da C\u00e2mara para cobrar ao Prefeito Municipal o reajuste do piso dos professores da Rede Municipal.<\/p>\n\n\n\n<!--more-->\n\n\n<div class=\"wp-block-image\">\n<figure class=\"alignleft size-large is-resized\"><img fetchpriority=\"high\" decoding=\"async\" src=\"https:\/\/www.portalalerta.com.br\/wp-content\/uploads\/2023\/01\/Real-Volta-as-Aulas-2023-816x1024.jpeg\" alt=\"\" class=\"wp-image-46862\" width=\"430\" height=\"540\"\/><\/figure><\/div>\n\n\n<p>No pronunciamento, alegou a dificuldade de comunica\u00e7\u00e3o do Sindicato com a gest\u00e3o e afirmou que h\u00e1 dinheiro suficiente para pagamento do reajuste.<\/p>\n\n\n\n<p><strong><em>\u201cVenho aqui a esta tribuna porque fiquei sabendo que o Prefeito Deri do Paloma gosta muito de ouvir a sess\u00e3o da C\u00e2mara porque nos \u00faltimos seis meses tenho sentido dificuldade de comunica\u00e7\u00e3o entre as institui\u00e7\u00f5es&#8230; reajuste \u00e9 concedido em janeiro e j\u00e1 estamos em 14 de mar\u00e7o e at\u00e9 ent\u00e3o nenhum pronunciamento da Secretaria de Educa\u00e7\u00e3o ou do prefeito Municipal&#8230;\u201d,<\/em><\/strong>&nbsp;iniciou o Presidente.<\/p>\n\n\n\n<p>O Diretor informou tamb\u00e9m que a promo\u00e7\u00f5es e outros benef\u00edcios amparados no Estatuto de Servidores Municipais est\u00e3o endo cumpridos apena em parte e h\u00e1 servidores com requerimento de quase dois anos sem atendimento.<\/p>\n\n\n\n<p><em>Fonte: Jeremoabo.com<\/em><\/p>\n","protected":false},"excerpt":{"rendered":"<p>O Diretor da APLB Sindicato em Jeremoabo-BA, J\u00falio C\u00e9sar, utilizou da tribuna da C\u00e2mara para cobrar ao Prefeito Municipal o reajuste do piso dos professores da Rede Municipal.<\/p>\n","protected":false},"author":2,"featured_media":48030,"comment_status":"open","ping_status":"open","sticky":false,"template":"","format":"standard","meta":{"om_disable_all_campaigns":false,"_monsterinsights_skip_tracking":false,"_monsterinsights_sitenote_active":false,"_monsterinsights_sitenote_note":"","_monsterinsights_sitenote_category":0,"footnotes":""},"categories":[70,20,9,69,21,32],"tags":[100,71,714,48,211,75,4178,4180,129,107,4181,132,230,106,203,120,51,109,2197,88,47,111],"class_list":["post-48029","post","type-post","status-publish","format-standard","has-post-thumbnail","hentry","category-destaques","category-educacao","category-jeremoabo","category-noticias2","category-politica","category-regiao","tag-adustina","tag-antas","tag-aplb","tag-araci","tag-camara-de-vereadores","tag-cicero-dantas","tag-cipo-2","tag-crisopolis-2","tag-euclides-da-cunha","tag-fatima","tag-heliopolis-2","tag-itapicuru","tag-jeremoabo","tag-nova-soure","tag-novo-triunfo","tag-olindina","tag-paripiranga","tag-quijingue","tag-reajuste-salarial","tag-ribeira-do-amparo","tag-ribeira-do-pombal","tag-sitio-do-quinto"],"aioseo_notices":[],"_links":{"self":[{"href":"https:\/\/www.portalalerta.com.br\/index.php\/wp-json\/wp\/v2\/posts\/48029","targetHints":{"allow":["GET"]}}],"collection":[{"href":"https:\/\/www.portalalerta.com.br\/index.php\/wp-json\/wp\/v2\/posts"}],"about":[{"href":"https:\/\/www.portalalerta.com.br\/index.php\/wp-json\/wp\/v2\/types\/post"}],"author":[{"embeddable":true,"href":"https:\/\/www.portalalerta.com.br\/index.php\/wp-json\/wp\/v2\/users\/2"}],"replies":[{"embeddable":true,"href":"https:\/\/www.portalalerta.com.br\/index.php\/wp-json\/wp\/v2\/comments?post=48029"}],"version-history":[{"count":1,"href":"https:\/\/www.portalalerta.com.br\/index.php\/wp-json\/wp\/v2\/posts\/48029\/revisions"}],"predecessor-version":[{"id":48031,"href":"https:\/\/www.portalalerta.com.br\/index.php\/wp-json\/wp\/v2\/posts\/48029\/revisions\/48031"}],"wp:featuredmedia":[{"embeddable":true,"href":"https:\/\/www.portalalerta.com.br\/index.php\/wp-json\/wp\/v2\/media\/48030"}],"wp:attachment":[{"href":"https:\/\/www.portalalerta.com.br\/index.php\/wp-json\/wp\/v2\/media?parent=48029"}],"wp:term":[{"taxonomy":"category","embeddable":true,"href":"https:\/\/www.portalalerta.com.br\/index.php\/wp-json\/wp\/v2\/categories?post=48029"},{"taxonomy":"post_tag","embeddable":true,"href":"https:\/\/www.portalalerta.com.br\/index.php\/wp-json\/wp\/v2\/tags?post=48029"}],"curies":[{"name":"wp","href":"https:\/\/api.w.org\/{rel}","templated":true}]}}