{"id":48032,"date":"2023-03-21T18:04:48","date_gmt":"2023-03-21T21:04:48","guid":{"rendered":"https:\/\/www.portalalerta.com.br\/?p=48032"},"modified":"2023-03-21T18:04:49","modified_gmt":"2023-03-21T21:04:49","slug":"tse-pede-acesso-a-pericia-de-minuta-do-golpe-em-acao-contra-bolsonaro","status":"publish","type":"post","link":"https:\/\/www.portalalerta.com.br\/index.php\/2023\/03\/21\/tse-pede-acesso-a-pericia-de-minuta-do-golpe-em-acao-contra-bolsonaro\/","title":{"rendered":"TSE pede acesso \u00e0 per\u00edcia de &#8220;minuta do golpe&#8221; em a\u00e7\u00e3o contra Bolsonaro"},"content":{"rendered":"\n<p>O corregedor-geral da Justi\u00e7a Eleitoral, ministro Benedito Gon\u00e7alves, pediu ao Supremo Tribunal Federal (STF) acesso \u00e0 per\u00edcia realizada no documento conhecido como &#8220;minuta do golpe&#8221; para inclus\u00e3o em uma das a\u00e7\u00f5es em tramita\u00e7\u00e3o no Tribunal Superior Eleitoral (TSE) que podem levar \u00e0 inelegibilidade do ex-presidente Jair Bolsonaro.<\/p>\n\n\n\n<!--more-->\n\n\n\n<p>O texto do documento, que foi encontrado em opera\u00e7\u00e3o de busca e apreens\u00e3o da Pol\u00edcia Federal na casa de Anderson Torres, ex-ministro da Justi\u00e7a de Bolsonaro, tinha como objetivo estabelecer condi\u00e7\u00f5es para a revers\u00e3o da vit\u00f3ria eleitoral do agora presidente Luiz In\u00e1cio Lula da Silva ao instituir um Estado de Defesa na sede do TSE, indicativo de que poderia haver um golpe de Estado.<\/p>\n\n\n<div class=\"wp-block-image\">\n<figure class=\"alignleft size-full is-resized\"><img fetchpriority=\"high\" decoding=\"async\" src=\"https:\/\/www.portalalerta.com.br\/wp-content\/uploads\/2021\/04\/ELAB.jpg\" alt=\"\" class=\"wp-image-34795\" width=\"393\" height=\"314\" srcset=\"https:\/\/www.portalalerta.com.br\/wp-content\/uploads\/2021\/04\/ELAB.jpg 1000w, https:\/\/www.portalalerta.com.br\/wp-content\/uploads\/2021\/04\/ELAB-300x240.jpg 300w, https:\/\/www.portalalerta.com.br\/wp-content\/uploads\/2021\/04\/ELAB-768x614.jpg 768w, https:\/\/www.portalalerta.com.br\/wp-content\/uploads\/2021\/04\/ELAB-183x146.jpg 183w, https:\/\/www.portalalerta.com.br\/wp-content\/uploads\/2021\/04\/ELAB-50x40.jpg 50w, https:\/\/www.portalalerta.com.br\/wp-content\/uploads\/2021\/04\/ELAB-94x75.jpg 94w\" sizes=\"(max-width: 393px) 100vw, 393px\" \/><\/figure><\/div>\n\n\n<p>Gon\u00e7alves \u00e9 relator de a\u00e7\u00e3o no TSE apresentada pelo PDT que pede a apura\u00e7\u00e3o de suposta pr\u00e1tica de abuso de poder pol\u00edtico e de uso indevido dos meios de comunica\u00e7\u00e3o, al\u00e9m de desvio de finalidade, devido a uma reuni\u00e3o em julho de 2022 no Pal\u00e1cio da Alvorada do ent\u00e3o presidente com embaixadores de v\u00e1rios pa\u00edses, em que o ent\u00e3o candidato \u00e0 reelei\u00e7\u00e3o atacou, sem provas, a integridade do processo eleitoral, do voto e das urnas eletr\u00f4nicas. Posteriormente, a minuta foi inclu\u00edda na a\u00e7\u00e3o.<\/p>\n\n\n\n<p>Na decis\u00e3o, o corregedor-geral solicita <strong><em>&#8220;desde que seja compat\u00edvel com a preserva\u00e7\u00e3o das investiga\u00e7\u00f5es no segundo processo, informa\u00e7\u00e3o sobre o resultado dos exames periciais realizados na &#8216;minuta de decreto de Estado de Defesa&#8217; e envio de c\u00f3pia dos termos dos depoimentos prestados por Anderson Gustavo Torres&#8221;<\/em><\/strong>.<\/p>\n\n\n\n<p>Entre as informa\u00e7\u00f5es solicitadas por Gon\u00e7alves ao ministro do STF Alexandre de Moraes, tamb\u00e9m est\u00e3o c\u00f3pias dos termos dos depoimentos de Torres no \u00e2mbito de a\u00e7\u00e3o sobre os atos antidemocr\u00e1ticos de 8 de janeiro que resultaram na depreda\u00e7\u00e3o dos pr\u00e9dios do Pal\u00e1cio do Planalto, do Congresso Nacional e do STF.<\/p>\n\n\n\n<p>Torres j\u00e1 prestou depoimento ao TSE na quinta-feira passada na a\u00e7\u00e3o relatada por Gon\u00e7alves.<\/p>\n\n\n\n<p><em>Fonte: Yahoo Not\u00edcias<\/em><\/p>\n","protected":false},"excerpt":{"rendered":"<p>O corregedor-geral da Justi\u00e7a Eleitoral, ministro Benedito Gon\u00e7alves, pediu ao Supremo Tribunal Federal (STF) acesso \u00e0 per\u00edcia realizada no documento conhecido como &#8220;minuta do golpe&#8221; para inclus\u00e3o em uma das a\u00e7\u00f5es em tramita\u00e7\u00e3o no Tribunal Superior Eleitoral (TSE) que podem levar \u00e0 inelegibilidade do ex-presidente Jair Bolsonaro.<\/p>\n","protected":false},"author":2,"featured_media":32720,"comment_status":"open","ping_status":"open","sticky":false,"template":"","format":"standard","meta":{"om_disable_all_campaigns":false,"_monsterinsights_skip_tracking":false,"_monsterinsights_sitenote_active":false,"_monsterinsights_sitenote_note":"","_monsterinsights_sitenote_category":0,"footnotes":""},"categories":[34,70,69,21],"tags":[100,71,48,93,75,4178,4180,129,107,4181,132,1395,230,6001,106,203,120,51,199,109,88,47,111,549,190],"class_list":["post-48032","post","type-post","status-publish","format-standard","has-post-thumbnail","hentry","category-brasil","category-destaques","category-noticias2","category-politica","tag-adustina","tag-antas","tag-araci","tag-brasil","tag-cicero-dantas","tag-cipo-2","tag-crisopolis-2","tag-euclides-da-cunha","tag-fatima","tag-heliopolis-2","tag-itapicuru","tag-jair-bolsonaro","tag-jeremoabo","tag-minuta-do-golpe","tag-nova-soure","tag-novo-triunfo","tag-olindina","tag-paripiranga","tag-politica","tag-quijingue","tag-ribeira-do-amparo","tag-ribeira-do-pombal","tag-sitio-do-quinto","tag-tse","tag-tucano"],"aioseo_notices":[],"_links":{"self":[{"href":"https:\/\/www.portalalerta.com.br\/index.php\/wp-json\/wp\/v2\/posts\/48032","targetHints":{"allow":["GET"]}}],"collection":[{"href":"https:\/\/www.portalalerta.com.br\/index.php\/wp-json\/wp\/v2\/posts"}],"about":[{"href":"https:\/\/www.portalalerta.com.br\/index.php\/wp-json\/wp\/v2\/types\/post"}],"author":[{"embeddable":true,"href":"https:\/\/www.portalalerta.com.br\/index.php\/wp-json\/wp\/v2\/users\/2"}],"replies":[{"embeddable":true,"href":"https:\/\/www.portalalerta.com.br\/index.php\/wp-json\/wp\/v2\/comments?post=48032"}],"version-history":[{"count":1,"href":"https:\/\/www.portalalerta.com.br\/index.php\/wp-json\/wp\/v2\/posts\/48032\/revisions"}],"predecessor-version":[{"id":48033,"href":"https:\/\/www.portalalerta.com.br\/index.php\/wp-json\/wp\/v2\/posts\/48032\/revisions\/48033"}],"wp:featuredmedia":[{"embeddable":true,"href":"https:\/\/www.portalalerta.com.br\/index.php\/wp-json\/wp\/v2\/media\/32720"}],"wp:attachment":[{"href":"https:\/\/www.portalalerta.com.br\/index.php\/wp-json\/wp\/v2\/media?parent=48032"}],"wp:term":[{"taxonomy":"category","embeddable":true,"href":"https:\/\/www.portalalerta.com.br\/index.php\/wp-json\/wp\/v2\/categories?post=48032"},{"taxonomy":"post_tag","embeddable":true,"href":"https:\/\/www.portalalerta.com.br\/index.php\/wp-json\/wp\/v2\/tags?post=48032"}],"curies":[{"name":"wp","href":"https:\/\/api.w.org\/{rel}","templated":true}]}}