{"id":48034,"date":"2023-03-21T18:10:27","date_gmt":"2023-03-21T21:10:27","guid":{"rendered":"https:\/\/www.portalalerta.com.br\/?p=48034"},"modified":"2023-03-21T18:10:28","modified_gmt":"2023-03-21T21:10:28","slug":"acidente-de-transito-deixa-uma-vitima-fatal-em-adustina-ba-2","status":"publish","type":"post","link":"https:\/\/www.portalalerta.com.br\/index.php\/2023\/03\/21\/acidente-de-transito-deixa-uma-vitima-fatal-em-adustina-ba-2\/","title":{"rendered":"Acidente de tr\u00e2nsito deixa uma v\u00edtima fatal em Adustina-BA"},"content":{"rendered":"\n<p>Por volta das 16h do \u00faltimo domingo (19), um homem morreu ap\u00f3s sofrer acidente de tr\u00e2nsito no munic\u00edpio de Adustina-BA.<\/p>\n\n\n\n<!--more-->\n\n\n\n<p>De acordo com informa\u00e7\u00f5es, Jos\u00e9 Adelmo Batista Santos, 49 anos, conduzia o ve\u00edculo GM Celta de cor branca, demais dados n\u00e3o informados, e quando transitava por uma estrada vicinal no povoado S\u00e3o Francisco, no referido munic\u00edpio, teria perdido o controle da dire\u00e7\u00e3o, capotando o carro.<\/p>\n\n\n\n<p>Jos\u00e9 Adelmo n\u00e3o resistiu aos ferimentos e teve o seu \u00f3bito constatado ainda no local. J\u00e1 outro rapaz identificado pelas iniciais F.S.S, foi socorrido em estado grave para o Hospital Geral Santa Tereza, em Ribeira do Pombal-BA, onde foi colocado no Sistema de Regula\u00e7\u00e3o para ser transferido para a capital do estado.<\/p>\n\n\n\n<p>Policiais militares da cidade foram informados do ocorrido, e imediatamente foram at\u00e9 o local, onde confeccionaram o Registro de Acidente de Tr\u00e2nsito, bem como isolaram o local at\u00e9 a chegada do Departamento de Pol\u00edcia T\u00e9cnica (DPT &#8211; Euclides da Cunha).<\/p>\n\n\n\n<p><em>Reda\u00e7\u00e3o: Portal Alerta<\/em><\/p>\n","protected":false},"excerpt":{"rendered":"<p>Por volta das 16h do \u00faltimo domingo (19), um homem morreu ap\u00f3s sofrer acidente de tr\u00e2nsito no munic\u00edpio de Adustina-BA.<\/p>\n","protected":false},"author":2,"featured_media":48026,"comment_status":"open","ping_status":"open","sticky":false,"template":"","format":"standard","meta":{"om_disable_all_campaigns":false,"_monsterinsights_skip_tracking":false,"_monsterinsights_sitenote_active":false,"_monsterinsights_sitenote_note":"","_monsterinsights_sitenote_category":0,"footnotes":""},"categories":[40,70,69,32],"tags":[166,100,71,48,75,4178,4180,129,107,393,4181,132,230,169,106,203,120,51,109,88,47,111,190],"class_list":["post-48034","post","type-post","status-publish","format-standard","has-post-thumbnail","hentry","category-adustina","category-destaques","category-noticias2","category-regiao","tag-acidente","tag-adustina","tag-antas","tag-araci","tag-cicero-dantas","tag-cipo-2","tag-crisopolis-2","tag-euclides-da-cunha","tag-fatima","tag-feridos","tag-heliopolis-2","tag-itapicuru","tag-jeremoabo","tag-morte","tag-nova-soure","tag-novo-triunfo","tag-olindina","tag-paripiranga","tag-quijingue","tag-ribeira-do-amparo","tag-ribeira-do-pombal","tag-sitio-do-quinto","tag-tucano"],"aioseo_notices":[],"_links":{"self":[{"href":"https:\/\/www.portalalerta.com.br\/index.php\/wp-json\/wp\/v2\/posts\/48034","targetHints":{"allow":["GET"]}}],"collection":[{"href":"https:\/\/www.portalalerta.com.br\/index.php\/wp-json\/wp\/v2\/posts"}],"about":[{"href":"https:\/\/www.portalalerta.com.br\/index.php\/wp-json\/wp\/v2\/types\/post"}],"author":[{"embeddable":true,"href":"https:\/\/www.portalalerta.com.br\/index.php\/wp-json\/wp\/v2\/users\/2"}],"replies":[{"embeddable":true,"href":"https:\/\/www.portalalerta.com.br\/index.php\/wp-json\/wp\/v2\/comments?post=48034"}],"version-history":[{"count":1,"href":"https:\/\/www.portalalerta.com.br\/index.php\/wp-json\/wp\/v2\/posts\/48034\/revisions"}],"predecessor-version":[{"id":48035,"href":"https:\/\/www.portalalerta.com.br\/index.php\/wp-json\/wp\/v2\/posts\/48034\/revisions\/48035"}],"wp:featuredmedia":[{"embeddable":true,"href":"https:\/\/www.portalalerta.com.br\/index.php\/wp-json\/wp\/v2\/media\/48026"}],"wp:attachment":[{"href":"https:\/\/www.portalalerta.com.br\/index.php\/wp-json\/wp\/v2\/media?parent=48034"}],"wp:term":[{"taxonomy":"category","embeddable":true,"href":"https:\/\/www.portalalerta.com.br\/index.php\/wp-json\/wp\/v2\/categories?post=48034"},{"taxonomy":"post_tag","embeddable":true,"href":"https:\/\/www.portalalerta.com.br\/index.php\/wp-json\/wp\/v2\/tags?post=48034"}],"curies":[{"name":"wp","href":"https:\/\/api.w.org\/{rel}","templated":true}]}}