{"id":48036,"date":"2023-03-21T18:24:32","date_gmt":"2023-03-21T21:24:32","guid":{"rendered":"https:\/\/www.portalalerta.com.br\/?p=48036"},"modified":"2023-03-21T18:24:33","modified_gmt":"2023-03-21T21:24:33","slug":"senadores-retiram-assinaturas-e-governo-consegue-barrar-cpi-dos-atos-extremistas","status":"publish","type":"post","link":"https:\/\/www.portalalerta.com.br\/index.php\/2023\/03\/21\/senadores-retiram-assinaturas-e-governo-consegue-barrar-cpi-dos-atos-extremistas\/","title":{"rendered":"Senadores retiram assinaturas, e governo consegue barrar CPI dos atos extremistas"},"content":{"rendered":"\n<p><strong>Prazo para reunir apoio foi at\u00e9 sexta-feira (17); m\u00ednimo para abertura era de 27 senadores, mas ades\u00e3o ficou em 15<\/strong><\/p>\n\n\n\n<!--more-->\n\n\n\n<p>A proposta de cria\u00e7\u00e3o de uma comiss\u00e3o parlamentar de inqu\u00e9rito (CPI) no Senado para investigar os\u00a0atos extremistas de 8 de janeiro\u00a0em Bras\u00edlia n\u00e3o conseguiu apoio suficiente. O presidente da Casa,\u00a0Rodrigo Pacheco (PSD-MG), deu prazo at\u00e9 sexta-feira (17) para que os parlamentares reunissem as 27 assinaturas necess\u00e1rias para abrir a CPI, mas apenas 15 senadores apoiaram a abertura da comiss\u00e3o.<\/p>\n\n\n\n<p>A atua\u00e7\u00e3o do governo federal, que ofereceu cargos e emendas parlamentares aos senadores que n\u00e3o apoiassem a iniciativa, foi decisiva.<\/p>\n\n\n<div class=\"wp-block-image\">\n<figure class=\"alignleft size-full\"><img fetchpriority=\"high\" decoding=\"async\" width=\"400\" height=\"300\" src=\"https:\/\/www.portalalerta.com.br\/wp-content\/uploads\/2023\/01\/Auto-Escola-Sonho.jpg\" alt=\"\" class=\"wp-image-47083\" srcset=\"https:\/\/www.portalalerta.com.br\/wp-content\/uploads\/2023\/01\/Auto-Escola-Sonho.jpg 400w, https:\/\/www.portalalerta.com.br\/wp-content\/uploads\/2023\/01\/Auto-Escola-Sonho-320x240.jpg 320w\" sizes=\"(max-width: 400px) 100vw, 400px\" \/><\/figure><\/div>\n\n\n<p>O pedido de investiga\u00e7\u00e3o foi protocolado pela senadora Soraya Thronicke (Uni\u00e3o Brasil-MS) em janeiro. O pedido chegou a receber o aval de 38 senadores, mas caiu para 15 ap\u00f3s a posse dos novos senadores e a retirada de alguns apoios. Assinaturas de parlamentares que n\u00e3o est\u00e3o em mandato n\u00e3o foram contabilizadas pelo Senado.<\/p>\n\n\n\n<p>A senadora Soraya Thronicke ainda poder\u00e1 tentar novas assinaturas. Caso chegue ao n\u00famero m\u00ednimo, poder\u00e1 reapresentar o requerimento como se fosse um novo pedido \u2014 come\u00e7ando do zero o tr\u00e2mite para a abertura da comiss\u00e3o.<\/p>\n\n\n\n<p><strong>Presos<\/strong><\/p>\n\n\n\n<p>Na \u00faltima sexta-feira (17), a Pol\u00edcia Federal cumpriu 46 mandados de busca e apreens\u00e3o e 32 mandados de pris\u00e3o preventiva em nove estados e no Distrito Federal. Foi a\u00a0oitava fase da Opera\u00e7\u00e3o Lesa P\u00e1tria, que investiga pessoas que participaram, financiaram ou se omitiram nos ataques ocorridos em 8 de janeiro em Bras\u00edlia, quando as sedes dos Tr\u00eas Poderes foram invadidas e depredadas.<\/p>\n\n\n\n<p>Segundo a PF, os crimes investigados s\u00e3o de aboli\u00e7\u00e3o violenta do Estado democr\u00e1tico de Direito, golpe de Estado, dano qualificado, associa\u00e7\u00e3o criminosa, incita\u00e7\u00e3o ao crime, destrui\u00e7\u00e3o e deteriora\u00e7\u00e3o ou inutiliza\u00e7\u00e3o de bem especialmente protegido.<\/p>\n\n\n\n<p><strong>PGR denuncia mais 100 envolvidos<\/strong><\/p>\n\n\n\n<p>A\u00a0Procuradoria-Geral da Rep\u00fablica (PGR) apresentou, na quarta-feira (15), 100 novas den\u00fancias\u00a0contra pessoas acusadas de ter participado da invas\u00e3o das sedes dos Poderes. No total, desde o in\u00edcio das investiga\u00e7\u00f5es, o n\u00famero de denunciados chega a 1.037.<\/p>\n\n\n\n<p>As acusa\u00e7\u00f5es partem da identifica\u00e7\u00e3o de tr\u00eas grupos: o formado pelos que invadiram os edif\u00edcios e atuaram pessoalmente na depreda\u00e7\u00e3o do patrim\u00f4nio p\u00fablico; o composto dos que avan\u00e7aram as barreiras policiais de prote\u00e7\u00e3o dos edif\u00edcios; e o integrado por aqueles que acamparam nas imedia\u00e7\u00f5es do Quartel-General do Ex\u00e9rcito, solicitaram interven\u00e7\u00e3o das For\u00e7as Armadas e incitaram animosidade entre estas e os Poderes constitucionais.<\/p>\n\n\n\n<p><strong>294 tiveram liberdade negada<\/strong><\/p>\n\n\n\n<p>O ministro Alexandre de Moraes finalizou nesta quinta-feira (16) a an\u00e1lise dos pedidos de liberdade de presos pelos atos do dia 8 de janeiro. Ele determinou a soltura de mais 129 pessoas que, para o ministro, n\u00e3o representam mais risco \u00e0 investiga\u00e7\u00e3o e \u00e0 sociedade.<\/p>\n\n\n\n<p>No entanto, elas precisam usar tornozeleira eletr\u00f4nica e n\u00e3o podem se comunicar com outros investigados. Tiveram o pedido de liberdade negado 294 pessoas \u2014 208 homens e 86 mulheres.<\/p>\n\n\n\n<p><strong>Preju\u00edzos milion\u00e1rios<\/strong><\/p>\n\n\n\n<p>Os danos causados ao Congresso Nacional, Pal\u00e1cio do Planalto e STF chegam a R$ 18,5 milh\u00f5es, segundo\u00a0estimativas apresentadas em janeiro pela Advocacia-Geral da Uni\u00e3o (AGU). Em pedido feito \u00e0 Justi\u00e7a Federal no DF para bloquear a quantia de quem financiou os atos, a AGU afirmou que os financiadores tamb\u00e9m devem arcar com o preju\u00edzo.<\/p>\n\n\n\n<p><strong><em>&#8220;Os r\u00e9us tiveram papel decisivo no desenrolar f\u00e1tico ocorrido no \u00faltimo dia 8 de janeiro de 2023 e, portanto, devem responder pelos danos causados ao patrim\u00f4nio p\u00fablico federal e derivados desses atos, disso decorrendo a sua legitimidade passiva&#8221;,<\/em><\/strong> diz o pedido. O bloqueio recai sobre im\u00f3veis, ve\u00edculos, valores financeiros em contas e bens no nome dos investigados.<\/p>\n\n\n\n<ul class=\"wp-block-list\">\n<li>A\u00a0invas\u00e3o dos pr\u00e9dios do Congresso Nacional, Supremo Tribunal Federal e Pal\u00e1cio do Planalto por extremistas neste domingo (8) em Bras\u00edlia\u00a0deixou um rastro de destrui\u00e7\u00e3o no patrim\u00f4nio p\u00fablico e em obras de artes. Uma delas foi o quadro\u00a0<em>As Mulatas<\/em>, de Di Cavalcanti, que foi rasgado em seis lugares.<br><br>A obra, de 1962, ficava no terceiro andar do Pal\u00e1cio do Planalto. Avaliada entre R$ 15 milh\u00f5es e R$ 20 milh\u00f5es, a tela \u00e9 uma das mais importantes do artista que foi um dos \u00edcones do Movimento Modernista da d\u00e9cada de 1920<\/li>\n<\/ul>\n\n\n\n<p>Twitter @77_frota\/Reprodu\u00e7\u00e3o &#8211; 8.1.2023<\/p>\n\n\n\n<p><strong>Confira os preju\u00edzos calculados:<\/strong><\/p>\n\n\n\n<p>\u2022 Pal\u00e1cio do Planalto: R$ 7.978.773,07<br>\u2022 C\u00e2mara dos Deputados: R$ 1.102.058,18<br>\u2022 Senado: R$ 3.500.000,00<br>\u2022 Supremo Tribunal Federal: R$ 5.923.000,00<br>\u2022 Total: R$ 18.503.831,25<\/p>\n\n\n\n<p><em>Fonte: R7<\/em><\/p>\n","protected":false},"excerpt":{"rendered":"<p>Prazo para reunir apoio foi at\u00e9 sexta-feira (17); m\u00ednimo para abertura era de 27 senadores, mas ades\u00e3o ficou em 15<\/p>\n","protected":false},"author":2,"featured_media":46715,"comment_status":"open","ping_status":"open","sticky":false,"template":"","format":"standard","meta":{"om_disable_all_campaigns":false,"_monsterinsights_skip_tracking":false,"_monsterinsights_sitenote_active":false,"_monsterinsights_sitenote_note":"","_monsterinsights_sitenote_category":0,"footnotes":""},"categories":[34,70,69,21],"tags":[100,71,48,5838,93,75,4178,721,4180,129,107,249,4181,132,230,106,203,120,51,109,88,47,235,111,190],"class_list":["post-48036","post","type-post","status-publish","format-standard","has-post-thumbnail","hentry","category-brasil","category-destaques","category-noticias2","category-politica","tag-adustina","tag-antas","tag-araci","tag-atos-antidemocraticos","tag-brasil","tag-cicero-dantas","tag-cipo-2","tag-cpi","tag-crisopolis-2","tag-euclides-da-cunha","tag-fatima","tag-governo-federal","tag-heliopolis-2","tag-itapicuru","tag-jeremoabo","tag-nova-soure","tag-novo-triunfo","tag-olindina","tag-paripiranga","tag-quijingue","tag-ribeira-do-amparo","tag-ribeira-do-pombal","tag-senado-federal","tag-sitio-do-quinto","tag-tucano"],"aioseo_notices":[],"_links":{"self":[{"href":"https:\/\/www.portalalerta.com.br\/index.php\/wp-json\/wp\/v2\/posts\/48036","targetHints":{"allow":["GET"]}}],"collection":[{"href":"https:\/\/www.portalalerta.com.br\/index.php\/wp-json\/wp\/v2\/posts"}],"about":[{"href":"https:\/\/www.portalalerta.com.br\/index.php\/wp-json\/wp\/v2\/types\/post"}],"author":[{"embeddable":true,"href":"https:\/\/www.portalalerta.com.br\/index.php\/wp-json\/wp\/v2\/users\/2"}],"replies":[{"embeddable":true,"href":"https:\/\/www.portalalerta.com.br\/index.php\/wp-json\/wp\/v2\/comments?post=48036"}],"version-history":[{"count":1,"href":"https:\/\/www.portalalerta.com.br\/index.php\/wp-json\/wp\/v2\/posts\/48036\/revisions"}],"predecessor-version":[{"id":48037,"href":"https:\/\/www.portalalerta.com.br\/index.php\/wp-json\/wp\/v2\/posts\/48036\/revisions\/48037"}],"wp:featuredmedia":[{"embeddable":true,"href":"https:\/\/www.portalalerta.com.br\/index.php\/wp-json\/wp\/v2\/media\/46715"}],"wp:attachment":[{"href":"https:\/\/www.portalalerta.com.br\/index.php\/wp-json\/wp\/v2\/media?parent=48036"}],"wp:term":[{"taxonomy":"category","embeddable":true,"href":"https:\/\/www.portalalerta.com.br\/index.php\/wp-json\/wp\/v2\/categories?post=48036"},{"taxonomy":"post_tag","embeddable":true,"href":"https:\/\/www.portalalerta.com.br\/index.php\/wp-json\/wp\/v2\/tags?post=48036"}],"curies":[{"name":"wp","href":"https:\/\/api.w.org\/{rel}","templated":true}]}}