{"id":48048,"date":"2023-03-23T09:35:03","date_gmt":"2023-03-23T12:35:03","guid":{"rendered":"https:\/\/www.portalalerta.com.br\/?p=48048"},"modified":"2023-03-23T09:35:04","modified_gmt":"2023-03-23T12:35:04","slug":"novos-investimentos-ampliam-capacidade-de-atendimento-na-saude-em-ribeira-do-pombal-ba","status":"publish","type":"post","link":"https:\/\/www.portalalerta.com.br\/index.php\/2023\/03\/23\/novos-investimentos-ampliam-capacidade-de-atendimento-na-saude-em-ribeira-do-pombal-ba\/","title":{"rendered":"Novos investimentos ampliam capacidade de atendimento na Sa\u00fade, em Ribeira do Pombal-BA"},"content":{"rendered":"\n<p>Na \u00faltima ter\u00e7a-feira (21), aconteceu cerim\u00f4nia de entrega de equipamentos para a Secretaria de Sa\u00fade de Ribeira do Pombal-BA. O ato realizado na sede da Secretaria contou com a presen\u00e7a do Prefeito Eriksson Silva e significa mais um conjunto de investimento que chega para fortalecimento da pasta que cuida da sa\u00fade da popula\u00e7\u00e3o.<\/p>\n\n\n\n<!--more-->\n\n\n<div class=\"wp-block-image\">\n<figure class=\"alignleft size-large is-resized\"><img fetchpriority=\"high\" decoding=\"async\" src=\"https:\/\/www.portalalerta.com.br\/wp-content\/uploads\/2023\/01\/Real-Volta-as-Aulas-2023-816x1024.jpeg\" alt=\"\" class=\"wp-image-46862\" width=\"405\" height=\"508\"\/><\/figure><\/div>\n\n\n<p>Comp\u00f5em o conjunto de itens entregues, 02 ve\u00edculos novos, com capacidade para transportar at\u00e9 sete passageiros e equipamentos de inform\u00e1tica, esses atrav\u00e9s do programa Prefeitura Digital, que ser\u00e3o utilizados para fortalecer a qualidade do atendimento dispensado ao p\u00fablico. Al\u00e9m disso os investimentos tamb\u00e9m alcan\u00e7aram o Laborat\u00f3rio Municipal com equipamento digital que \u00e9 amplia a capacidade de atendimento em rela\u00e7\u00e3o a novos tipos de exames que ser\u00e3o ofertados e a quantidade que ser\u00e1 realizada diariamente podendo chegar a triplicar a capacidade de atendimento di\u00e1rio.<\/p>\n\n\n\n<p><em>Fonte: SECOM\/ Ribeira do Pombal<\/em><\/p>\n","protected":false},"excerpt":{"rendered":"<p>Na \u00faltima ter\u00e7a-feira (21), aconteceu cerim\u00f4nia de entrega de equipamentos para a Secretaria de Sa\u00fade de Ribeira do Pombal-BA. O ato realizado na sede da Secretaria contou com a presen\u00e7a do Prefeito Eriksson Silva e significa mais um conjunto de investimento que chega para fortalecimento da pasta que cuida da sa\u00fade da popula\u00e7\u00e3o.<\/p>\n","protected":false},"author":2,"featured_media":48049,"comment_status":"open","ping_status":"open","sticky":false,"template":"","format":"standard","meta":{"om_disable_all_campaigns":false,"_monsterinsights_skip_tracking":false,"_monsterinsights_sitenote_active":false,"_monsterinsights_sitenote_note":"","_monsterinsights_sitenote_category":0,"footnotes":""},"categories":[70,69,32,3,19],"tags":[100,71,48,75,4178,4180,129,107,4181,132,230,106,203,120,51,109,88,47,61,433,111,190],"class_list":["post-48048","post","type-post","status-publish","format-standard","has-post-thumbnail","hentry","category-destaques","category-noticias2","category-regiao","category-ribeira-do-pombal","category-saude","tag-adustina","tag-antas","tag-araci","tag-cicero-dantas","tag-cipo-2","tag-crisopolis-2","tag-euclides-da-cunha","tag-fatima","tag-heliopolis-2","tag-itapicuru","tag-jeremoabo","tag-nova-soure","tag-novo-triunfo","tag-olindina","tag-paripiranga","tag-quijingue","tag-ribeira-do-amparo","tag-ribeira-do-pombal","tag-saude","tag-secretaria-de-saude","tag-sitio-do-quinto","tag-tucano"],"aioseo_notices":[],"_links":{"self":[{"href":"https:\/\/www.portalalerta.com.br\/index.php\/wp-json\/wp\/v2\/posts\/48048","targetHints":{"allow":["GET"]}}],"collection":[{"href":"https:\/\/www.portalalerta.com.br\/index.php\/wp-json\/wp\/v2\/posts"}],"about":[{"href":"https:\/\/www.portalalerta.com.br\/index.php\/wp-json\/wp\/v2\/types\/post"}],"author":[{"embeddable":true,"href":"https:\/\/www.portalalerta.com.br\/index.php\/wp-json\/wp\/v2\/users\/2"}],"replies":[{"embeddable":true,"href":"https:\/\/www.portalalerta.com.br\/index.php\/wp-json\/wp\/v2\/comments?post=48048"}],"version-history":[{"count":1,"href":"https:\/\/www.portalalerta.com.br\/index.php\/wp-json\/wp\/v2\/posts\/48048\/revisions"}],"predecessor-version":[{"id":48050,"href":"https:\/\/www.portalalerta.com.br\/index.php\/wp-json\/wp\/v2\/posts\/48048\/revisions\/48050"}],"wp:featuredmedia":[{"embeddable":true,"href":"https:\/\/www.portalalerta.com.br\/index.php\/wp-json\/wp\/v2\/media\/48049"}],"wp:attachment":[{"href":"https:\/\/www.portalalerta.com.br\/index.php\/wp-json\/wp\/v2\/media?parent=48048"}],"wp:term":[{"taxonomy":"category","embeddable":true,"href":"https:\/\/www.portalalerta.com.br\/index.php\/wp-json\/wp\/v2\/categories?post=48048"},{"taxonomy":"post_tag","embeddable":true,"href":"https:\/\/www.portalalerta.com.br\/index.php\/wp-json\/wp\/v2\/tags?post=48048"}],"curies":[{"name":"wp","href":"https:\/\/api.w.org\/{rel}","templated":true}]}}