{"id":48051,"date":"2023-03-23T09:55:41","date_gmt":"2023-03-23T12:55:41","guid":{"rendered":"https:\/\/www.portalalerta.com.br\/?p=48051"},"modified":"2023-03-23T09:55:43","modified_gmt":"2023-03-23T12:55:43","slug":"com-mercado-em-desaceleracao-montadoras-adotam-ferias-coletivas-em-fabricas-do-brasil","status":"publish","type":"post","link":"https:\/\/www.portalalerta.com.br\/index.php\/2023\/03\/23\/com-mercado-em-desaceleracao-montadoras-adotam-ferias-coletivas-em-fabricas-do-brasil\/","title":{"rendered":"Com mercado em desacelera\u00e7\u00e3o, montadoras adotam f\u00e9rias coletivas em f\u00e1bricas do Brasil"},"content":{"rendered":"\n<p><strong>F\u00e1bricas da Volkswagen, General Motors, Hyundai e Stellantis ter\u00e3o paralisa\u00e7\u00e3o na produ\u00e7\u00e3o nos pr\u00f3ximos dias. Medida visa evitar cria\u00e7\u00e3o de estoque, j\u00e1 que as vendas n\u00e3o est\u00e3o positivas.<\/strong><\/p>\n\n\n\n<!--more-->\n\n\n\n<p>Com o mercado em desacelera\u00e7\u00e3o, ao menos quatro montadoras anunciaram f\u00e9rias coletivas entre mar\u00e7o e abril em suas f\u00e1bricas no Brasil. As paralisa\u00e7\u00f5es na produ\u00e7\u00e3o v\u00e3o ocorrer em unidades da General Motors, Hyundai, Volkswagen e Stellantis, que re\u00fane marcas como Fiat, Peugeot, Citr\u00f6en.<\/p>\n\n\n\n<p>Al\u00e9m da falta de componentes para produ\u00e7\u00e3o, as paradas visam adequar a produ\u00e7\u00e3o \u00e0 demanda do mercado. Na pr\u00e1tica, as montadoras v\u00e3o pisar no freio para evitar a forma\u00e7\u00e3o de grandes estoques, motivados pelo atual cen\u00e1rio econ\u00f4mico.<\/p>\n\n\n<div class=\"wp-block-image\">\n<figure class=\"alignleft size-full is-resized\"><img fetchpriority=\"high\" decoding=\"async\" src=\"https:\/\/www.portalalerta.com.br\/wp-content\/uploads\/2021\/04\/ELAB.jpg\" alt=\"\" class=\"wp-image-34795\" width=\"426\" height=\"340\" srcset=\"https:\/\/www.portalalerta.com.br\/wp-content\/uploads\/2021\/04\/ELAB.jpg 1000w, https:\/\/www.portalalerta.com.br\/wp-content\/uploads\/2021\/04\/ELAB-300x240.jpg 300w, https:\/\/www.portalalerta.com.br\/wp-content\/uploads\/2021\/04\/ELAB-768x614.jpg 768w, https:\/\/www.portalalerta.com.br\/wp-content\/uploads\/2021\/04\/ELAB-183x146.jpg 183w, https:\/\/www.portalalerta.com.br\/wp-content\/uploads\/2021\/04\/ELAB-50x40.jpg 50w, https:\/\/www.portalalerta.com.br\/wp-content\/uploads\/2021\/04\/ELAB-94x75.jpg 94w\" sizes=\"(max-width: 426px) 100vw, 426px\" \/><\/figure><\/div>\n\n\n<p>Um dos motivos \u00e9 a alta infla\u00e7\u00e3o &#8211; o aumento no pre\u00e7o dos carros vem desde o final de 2020 e tem sido sentido cada vez mais. Recentemente, a Associa\u00e7\u00e3o Nacional dos Fabricantes de Ve\u00edculos Automotores (Anfavea) informou que a\u00a0demanda realmente dava sinais de desacelera\u00e7\u00e3o para 2023.<\/p>\n\n\n\n<p>Durante coletiva de imprensa em fevereiro, o presidente da associa\u00e7\u00e3o, M\u00e1rcio de Lima Leite, explicou que, apesar de um aumento de quase 13% nas vendas em janeiro, era esperado um crescimento maior. Na ocasi\u00e3o, ele alertou sobre a necessidade de redu\u00e7\u00e3o da taxa de juros para volta do crescimento do setor.<\/p>\n\n\n\n<p><strong><em>&#8220;O desempenho do primeiro bimestre, limitado pelas condi\u00e7\u00f5es de cr\u00e9dito e oferta de suprimentos, refor\u00e7a a necessidade de promover o reaquecimento do mercado e as cadeias locais de produ\u00e7\u00e3o\u201d<\/em><\/strong>, disse Leite.<\/p>\n\n\n\n<p>At\u00e9 aqui, ao menos quatro montadoras confirmaram f\u00e9rias coletivas para adequar a produ\u00e7\u00e3o e evitar a cria\u00e7\u00e3o de estoque no pa\u00eds. S\u00e3o elas:&nbsp;Volkswagen, General Motors, Hyundai e Stellantis.<\/p>\n\n\n\n<p>O&nbsp;<a href=\"https:\/\/g1.globo.com\/\"><strong>g1<\/strong><\/a>&nbsp;entrou em contato com as empresas para entender a ado\u00e7\u00e3o da medida.&nbsp;<strong>Confira abaixo:<\/strong><\/p>\n\n\n\n<p><strong>Volkswagen<\/strong><\/p>\n\n\n\n<p>A montadora alem\u00e3 confirmou que dar\u00e1\u00a0f\u00e9rias coletivas a dois mil trabalhadores\u00a0na f\u00e1brica de Taubat\u00e9 (SP). Ser\u00e3o 10 dias, que come\u00e7am na pr\u00f3xima segunda-feira (27).<\/p>\n\n\n\n<p>De acordo com a fabricante, a medida tem como objetivo a manuten\u00e7\u00e3o da linha de produ\u00e7\u00e3o da unidade e ainda a instabilidade na cadeira de fornecimento de componentes,\u00a0como por exemplo os semicondutores.<\/p>\n\n\n\n<p><strong>General Motors<\/strong><\/p>\n\n\n\n<p>Outra fabricante da regi\u00e3o do Vale do Para\u00edba a\u00a0adotar f\u00e9rias coletivas foi a General Motors. A medida atingir\u00e1 tr\u00eas mil funcion\u00e1rios da unidade de S\u00e3o Jos\u00e9 dos Campos (SP) &#8211; cerca de 80% da \u00e1rea de produ\u00e7\u00e3o \u2013 e tamb\u00e9m ter\u00e1 in\u00edcio no pr\u00f3ximo dia 27.<\/p>\n\n\n\n<p>A empresa n\u00e3o respondeu aos questionamentos feitos pelo\u00a0g1, mas o Sindicato dos Metal\u00fargicos da cidade explicou que o objetivo tamb\u00e9m \u00e9 ajuste de estoque por conta da desacelera\u00e7\u00e3o do mercado e queda das vendas.<\/p>\n\n\n\n<p><strong>Hyundai<\/strong><\/p>\n\n\n\n<p>A multinacional sul-coreana informou que concede f\u00e9rias a partir desta segunda-feira (20) at\u00e9 o dia 2 de abril. S\u00e3o afetados 2 mil colaboradores de tr\u00eas turnos de produ\u00e7\u00e3o e equipes administrativas de sua f\u00e1brica de ve\u00edculos em Piracicaba (SP). N\u00e3o est\u00e3o inclu\u00eddas opera\u00e7\u00f5es da f\u00e1brica de motores, na mesma unidade, que seguir\u00e3o normalmente.<\/p>\n\n\n\n<p>De acordo com o comunicado enviado pela empresa, a decis\u00e3o visa adequar os volumes de produ\u00e7\u00e3o para o m\u00eas de mar\u00e7o, evitar estoque e acompanhar din\u00e2mica do mercado interno de ve\u00edculos para o primeiro trimestre.<\/p>\n\n\n\n<p>Ainda segundo a Hyundai, os volumes de produ\u00e7\u00e3o programados para os outros meses do ano permanecem programados.<\/p>\n\n\n\n<p><strong>Stellantis<\/strong><\/p>\n\n\n\n<p>Dona das marcas Fiat, Jeep, Peugeot e Citro\u00ebn, a gigante franco-\u00edtalo-americana informou que adotar\u00e1 f\u00e9rias coletivas na planta de Goiana (PE) a partir da pr\u00f3xima quarta-feira (22). A medida seguir\u00e1 at\u00e9 o dia 10 de abril e atinge um de tr\u00eas turnos de trabalha na f\u00e1brica.<\/p>\n\n\n\n<p>A partir do dia 27 de mar\u00e7o, os demais turnos tamb\u00e9m ser\u00e3o interrompidos e retornar\u00e3o no dia 6 de abril.<\/p>\n\n\n\n<p>De acordo com a multinacional, o objetivo tamb\u00e9m \u00e9 ajustar o volume de produ\u00e7\u00e3o \u00e0 demanda dispon\u00edvel no momento.<\/p>\n\n\n\n<p><em>Fonte: G1<\/em><\/p>\n","protected":false},"excerpt":{"rendered":"<p>F\u00e1bricas da Volkswagen, General Motors, Hyundai e Stellantis ter\u00e3o paralisa\u00e7\u00e3o na produ\u00e7\u00e3o nos pr\u00f3ximos dias. Medida visa evitar cria\u00e7\u00e3o de estoque, j\u00e1 que as vendas n\u00e3o est\u00e3o positivas.<\/p>\n","protected":false},"author":2,"featured_media":48052,"comment_status":"open","ping_status":"open","sticky":false,"template":"","format":"standard","meta":{"om_disable_all_campaigns":false,"_monsterinsights_skip_tracking":false,"_monsterinsights_sitenote_active":false,"_monsterinsights_sitenote_note":"","_monsterinsights_sitenote_category":0,"footnotes":""},"categories":[34,70,69],"tags":[100,71,48,93,75,4178,4180,129,4137,107,6003,4181,1699,132,230,106,203,120,51,109,88,47,111,190],"class_list":["post-48051","post","type-post","status-publish","format-standard","has-post-thumbnail","hentry","category-brasil","category-destaques","category-noticias2","tag-adustina","tag-antas","tag-araci","tag-brasil","tag-cicero-dantas","tag-cipo-2","tag-crisopolis-2","tag-euclides-da-cunha","tag-fabricas","tag-fatima","tag-ferias-coletivas","tag-heliopolis-2","tag-industria","tag-itapicuru","tag-jeremoabo","tag-nova-soure","tag-novo-triunfo","tag-olindina","tag-paripiranga","tag-quijingue","tag-ribeira-do-amparo","tag-ribeira-do-pombal","tag-sitio-do-quinto","tag-tucano"],"aioseo_notices":[],"_links":{"self":[{"href":"https:\/\/www.portalalerta.com.br\/index.php\/wp-json\/wp\/v2\/posts\/48051","targetHints":{"allow":["GET"]}}],"collection":[{"href":"https:\/\/www.portalalerta.com.br\/index.php\/wp-json\/wp\/v2\/posts"}],"about":[{"href":"https:\/\/www.portalalerta.com.br\/index.php\/wp-json\/wp\/v2\/types\/post"}],"author":[{"embeddable":true,"href":"https:\/\/www.portalalerta.com.br\/index.php\/wp-json\/wp\/v2\/users\/2"}],"replies":[{"embeddable":true,"href":"https:\/\/www.portalalerta.com.br\/index.php\/wp-json\/wp\/v2\/comments?post=48051"}],"version-history":[{"count":1,"href":"https:\/\/www.portalalerta.com.br\/index.php\/wp-json\/wp\/v2\/posts\/48051\/revisions"}],"predecessor-version":[{"id":48053,"href":"https:\/\/www.portalalerta.com.br\/index.php\/wp-json\/wp\/v2\/posts\/48051\/revisions\/48053"}],"wp:featuredmedia":[{"embeddable":true,"href":"https:\/\/www.portalalerta.com.br\/index.php\/wp-json\/wp\/v2\/media\/48052"}],"wp:attachment":[{"href":"https:\/\/www.portalalerta.com.br\/index.php\/wp-json\/wp\/v2\/media?parent=48051"}],"wp:term":[{"taxonomy":"category","embeddable":true,"href":"https:\/\/www.portalalerta.com.br\/index.php\/wp-json\/wp\/v2\/categories?post=48051"},{"taxonomy":"post_tag","embeddable":true,"href":"https:\/\/www.portalalerta.com.br\/index.php\/wp-json\/wp\/v2\/tags?post=48051"}],"curies":[{"name":"wp","href":"https:\/\/api.w.org\/{rel}","templated":true}]}}