{"id":48054,"date":"2023-03-23T10:09:07","date_gmt":"2023-03-23T13:09:07","guid":{"rendered":"https:\/\/www.portalalerta.com.br\/?p=48054"},"modified":"2023-03-23T10:09:08","modified_gmt":"2023-03-23T13:09:08","slug":"homem-e-preso-por-abate-e-comercializacao-de-animais-silvestres-em-cicero-dantas-ba","status":"publish","type":"post","link":"https:\/\/www.portalalerta.com.br\/index.php\/2023\/03\/23\/homem-e-preso-por-abate-e-comercializacao-de-animais-silvestres-em-cicero-dantas-ba\/","title":{"rendered":"Homem \u00e9 preso por abate e comercializa\u00e7\u00e3o de animais silvestres em C\u00edcero Dantas-BA"},"content":{"rendered":"\n<p>Na \u00faltima segunda-feira (20), Guardas Civis Municipais de C\u00edcero Dantas-BA prenderam um homem acusado de abate e comercializa\u00e7\u00e3o de animais silvestres.<\/p>\n\n\n\n<!--more-->\n\n\n\n<p>A a\u00e7\u00e3o teve in\u00edcio ap\u00f3s den\u00fancias realizadas junto \u00e0 Secretaria Municipal do Meio Ambiente, em que apontava que um homem estaria comercializando animais silvestres abatidos. Diante da informa\u00e7\u00e3o, os Guardas Municipais iniciaram dilig\u00eancias, chegando at\u00e9 o suspeito, que durante a abordagem, foram encontrados sob a posse do mesmo 03 tatus abatidos.<\/p>\n\n\n\n<p>O rapaz, bem como os animais, foi conduzido e apresentado na Delegacia de Pol\u00edcia Civil da cidade, onde foi apresentado para a ado\u00e7\u00e3o das medidas cab\u00edveis, tendo por base o Artigo 29 da Lei 9.605\/98 que \u201c<strong><em>prev\u00ea pena de deten\u00e7\u00e3o de seis meses a um ano, e multa, para quem matar, perseguir, ca\u00e7ar, apanhar, utilizar esp\u00e9cimes da fauna silvestre, nativos ou em rota migrat\u00f3ria, sem a devida permiss\u00e3o, licen\u00e7a ou autoriza\u00e7\u00e3o o da autoridade competente, ou em desacordo com a obtida\u201d<\/em><\/strong>.<\/p>\n\n\n\n<p><em>Reda\u00e7\u00e3o: Portal Alerta<\/em><\/p>\n","protected":false},"excerpt":{"rendered":"<p>Na \u00faltima segunda-feira (20), Guardas Civis Municipais de C\u00edcero Dantas-BA prenderam um homem acusado de abate e comercializa\u00e7\u00e3o de animais silvestres.<\/p>\n","protected":false},"author":2,"featured_media":48055,"comment_status":"open","ping_status":"open","sticky":false,"template":"","format":"standard","meta":{"om_disable_all_campaigns":false,"_monsterinsights_skip_tracking":false,"_monsterinsights_sitenote_active":false,"_monsterinsights_sitenote_note":"","_monsterinsights_sitenote_category":0,"footnotes":""},"categories":[4,70,69,32,22],"tags":[100,1842,71,48,75,4178,4180,129,107,313,4181,132,230,106,203,120,51,77,109,88,47,111],"class_list":["post-48054","post","type-post","status-publish","format-standard","has-post-thumbnail","hentry","category-cicero-dantas","category-destaques","category-noticias2","category-regiao","category-seguranca","tag-adustina","tag-animais-silvestres","tag-antas","tag-araci","tag-cicero-dantas","tag-cipo-2","tag-crisopolis-2","tag-euclides-da-cunha","tag-fatima","tag-gcm","tag-heliopolis-2","tag-itapicuru","tag-jeremoabo","tag-nova-soure","tag-novo-triunfo","tag-olindina","tag-paripiranga","tag-preso","tag-quijingue","tag-ribeira-do-amparo","tag-ribeira-do-pombal","tag-sitio-do-quinto"],"aioseo_notices":[],"_links":{"self":[{"href":"https:\/\/www.portalalerta.com.br\/index.php\/wp-json\/wp\/v2\/posts\/48054","targetHints":{"allow":["GET"]}}],"collection":[{"href":"https:\/\/www.portalalerta.com.br\/index.php\/wp-json\/wp\/v2\/posts"}],"about":[{"href":"https:\/\/www.portalalerta.com.br\/index.php\/wp-json\/wp\/v2\/types\/post"}],"author":[{"embeddable":true,"href":"https:\/\/www.portalalerta.com.br\/index.php\/wp-json\/wp\/v2\/users\/2"}],"replies":[{"embeddable":true,"href":"https:\/\/www.portalalerta.com.br\/index.php\/wp-json\/wp\/v2\/comments?post=48054"}],"version-history":[{"count":1,"href":"https:\/\/www.portalalerta.com.br\/index.php\/wp-json\/wp\/v2\/posts\/48054\/revisions"}],"predecessor-version":[{"id":48056,"href":"https:\/\/www.portalalerta.com.br\/index.php\/wp-json\/wp\/v2\/posts\/48054\/revisions\/48056"}],"wp:featuredmedia":[{"embeddable":true,"href":"https:\/\/www.portalalerta.com.br\/index.php\/wp-json\/wp\/v2\/media\/48055"}],"wp:attachment":[{"href":"https:\/\/www.portalalerta.com.br\/index.php\/wp-json\/wp\/v2\/media?parent=48054"}],"wp:term":[{"taxonomy":"category","embeddable":true,"href":"https:\/\/www.portalalerta.com.br\/index.php\/wp-json\/wp\/v2\/categories?post=48054"},{"taxonomy":"post_tag","embeddable":true,"href":"https:\/\/www.portalalerta.com.br\/index.php\/wp-json\/wp\/v2\/tags?post=48054"}],"curies":[{"name":"wp","href":"https:\/\/api.w.org\/{rel}","templated":true}]}}