{"id":48057,"date":"2023-03-23T10:24:25","date_gmt":"2023-03-23T13:24:25","guid":{"rendered":"https:\/\/www.portalalerta.com.br\/?p=48057"},"modified":"2023-03-23T10:24:26","modified_gmt":"2023-03-23T13:24:26","slug":"governo-lanca-acao-para-eliminar-casos-de-cancer-do-colo-do-utero","status":"publish","type":"post","link":"https:\/\/www.portalalerta.com.br\/index.php\/2023\/03\/23\/governo-lanca-acao-para-eliminar-casos-de-cancer-do-colo-do-utero\/","title":{"rendered":"Governo lan\u00e7a a\u00e7\u00e3o para eliminar casos de c\u00e2ncer do colo do \u00fatero"},"content":{"rendered":"\n<p><em>Projeto prev\u00ea teste de detec\u00e7\u00e3o de HPV no SUS<\/em><\/p>\n\n\n\n<!--more-->\n\n\n\n<p>O Minist\u00e9rio da Sa\u00fade lan\u00e7ou nesta quarta-feira (22) estrat\u00e9gia para zerar os casos de c\u00e2ncer do colo do \u00fatero no pa\u00eds. A doen\u00e7a \u00e9 o quarto tipo de c\u00e2ncer mais comum entre mulheres e mata, em m\u00e9dia, 6 mil brasileiras ao ano.<\/p>\n\n\n\n<p>A medida prev\u00ea a\u00e7\u00f5es para reduzir casos, preven\u00e7\u00e3o, vacina\u00e7\u00e3o e inclus\u00e3o de teste molecular (PCR) para detec\u00e7\u00e3o do HPV, v\u00edrus sexualmente transmiss\u00edvel e causador do c\u00e2ncer do colo do \u00fatero, no Sistema \u00danico de Sa\u00fade (SUS).<\/p>\n\n\n<div class=\"wp-block-image\">\n<figure class=\"alignleft size-full\"><img fetchpriority=\"high\" decoding=\"async\" width=\"400\" height=\"300\" src=\"https:\/\/www.portalalerta.com.br\/wp-content\/uploads\/2023\/01\/Auto-Escola-Sonho.jpg\" alt=\"\" class=\"wp-image-47083\" srcset=\"https:\/\/www.portalalerta.com.br\/wp-content\/uploads\/2023\/01\/Auto-Escola-Sonho.jpg 400w, https:\/\/www.portalalerta.com.br\/wp-content\/uploads\/2023\/01\/Auto-Escola-Sonho-320x240.jpg 320w\" sizes=\"(max-width: 400px) 100vw, 400px\" \/><\/figure><\/div>\n\n\n<p>Recomendado pela Organiza\u00e7\u00e3o Mundial da Sa\u00fade, o teste identifica de forma mais precisa a presen\u00e7a do v\u00edrus e, com isso, ser\u00e1 poss\u00edvel ampliar o rastreio da doen\u00e7a na popula\u00e7\u00e3o feminina entre&nbsp;25 e&nbsp;64 anos e reduzir casos graves e mortes. Atualmente, o diagn\u00f3stico \u00e9 feito na rede p\u00fablica de sa\u00fade pelo exame papanicolau.<\/p>\n\n\n\n<p>De acordo com orienta\u00e7\u00f5es do minist\u00e9rio, se o teste PCR for positivo, a paciente deve passar pelo exame citol\u00f3gico (papanicolau) e tratamento. Em caso negativo, o PCR deve ser repetido em cinco anos.<\/p>\n\n\n\n<p><strong><em>\u201cVamos proteger as mulheres, junto com a vacina de HPV e rastreamento do c\u00e2ncer do colo do \u00fatero\u201d<\/em><\/strong>, disse a ministra N\u00edsia Trindade, ao anunciar a a\u00e7\u00e3o, no Recife, ao lado do presidente Luiz In\u00e1cio Lula da Silva. No mesmo evento, foi relan\u00e7ado o Programa de Aquisi\u00e7\u00e3o de Alimentos (PAA).<\/p>\n\n\n\n<p>Outra a\u00e7\u00e3o \u00e9 elevar os \u00edndices de vacina\u00e7\u00e3o contra HPV, que apresentam queda nos \u00faltimos anos. Em 2022, a baixa foi de 75% entre meninas. A meta \u00e9 chegar a 90% de cobertura, percentual considerado fundamental para garantir a elimina\u00e7\u00e3o do c\u00e2ncer de colo do \u00fatero no pa\u00eds. A vacina \u00e9 gratuita, est\u00e1 dispon\u00edvel nas unidades b\u00e1sicas de sa\u00fade e \u00e9 recomendada para adolescentes de 9 a 14 anos, al\u00e9m de imunossuprimidas.<\/p>\n\n\n\n<p><strong>Projeto-piloto<\/strong><\/p>\n\n\n\n<p>A cidade do Recife ser\u00e1 pioneira no projeto da Estrat\u00e9gia Nacional de Controle e Elimina\u00e7\u00e3o do C\u00e2ncer Cervical. Cerca de 400 mil mulheres no estado, de 25 a 64 anos, ser\u00e3o testadas. Haver\u00e1 tamb\u00e9m monitoramento de exames e implanta\u00e7\u00e3o do projeto nas unidades de sa\u00fade.<\/p>\n\n\n\n<p>A partir do segundo semestre, as a\u00e7\u00f5es ser\u00e3o ampliadas para todo o pa\u00eds.<\/p>\n\n\n\n<p><em>Fonte: Ag\u00eancia Brasil<\/em><\/p>\n","protected":false},"excerpt":{"rendered":"<p>Projeto prev\u00ea teste de detec\u00e7\u00e3o de HPV no SUS<\/p>\n","protected":false},"author":2,"featured_media":42193,"comment_status":"open","ping_status":"open","sticky":false,"template":"","format":"standard","meta":{"om_disable_all_campaigns":false,"_monsterinsights_skip_tracking":false,"_monsterinsights_sitenote_active":false,"_monsterinsights_sitenote_note":"","_monsterinsights_sitenote_category":0,"footnotes":""},"categories":[34,70,69,19],"tags":[100,71,48,93,5301,75,4178,4180,129,107,4181,132,230,106,203,120,51,109,88,47,61,111],"class_list":["post-48057","post","type-post","status-publish","format-standard","has-post-thumbnail","hentry","category-brasil","category-destaques","category-noticias2","category-saude","tag-adustina","tag-antas","tag-araci","tag-brasil","tag-cancer-do-colo-do-utero","tag-cicero-dantas","tag-cipo-2","tag-crisopolis-2","tag-euclides-da-cunha","tag-fatima","tag-heliopolis-2","tag-itapicuru","tag-jeremoabo","tag-nova-soure","tag-novo-triunfo","tag-olindina","tag-paripiranga","tag-quijingue","tag-ribeira-do-amparo","tag-ribeira-do-pombal","tag-saude","tag-sitio-do-quinto"],"aioseo_notices":[],"_links":{"self":[{"href":"https:\/\/www.portalalerta.com.br\/index.php\/wp-json\/wp\/v2\/posts\/48057","targetHints":{"allow":["GET"]}}],"collection":[{"href":"https:\/\/www.portalalerta.com.br\/index.php\/wp-json\/wp\/v2\/posts"}],"about":[{"href":"https:\/\/www.portalalerta.com.br\/index.php\/wp-json\/wp\/v2\/types\/post"}],"author":[{"embeddable":true,"href":"https:\/\/www.portalalerta.com.br\/index.php\/wp-json\/wp\/v2\/users\/2"}],"replies":[{"embeddable":true,"href":"https:\/\/www.portalalerta.com.br\/index.php\/wp-json\/wp\/v2\/comments?post=48057"}],"version-history":[{"count":1,"href":"https:\/\/www.portalalerta.com.br\/index.php\/wp-json\/wp\/v2\/posts\/48057\/revisions"}],"predecessor-version":[{"id":48058,"href":"https:\/\/www.portalalerta.com.br\/index.php\/wp-json\/wp\/v2\/posts\/48057\/revisions\/48058"}],"wp:featuredmedia":[{"embeddable":true,"href":"https:\/\/www.portalalerta.com.br\/index.php\/wp-json\/wp\/v2\/media\/42193"}],"wp:attachment":[{"href":"https:\/\/www.portalalerta.com.br\/index.php\/wp-json\/wp\/v2\/media?parent=48057"}],"wp:term":[{"taxonomy":"category","embeddable":true,"href":"https:\/\/www.portalalerta.com.br\/index.php\/wp-json\/wp\/v2\/categories?post=48057"},{"taxonomy":"post_tag","embeddable":true,"href":"https:\/\/www.portalalerta.com.br\/index.php\/wp-json\/wp\/v2\/tags?post=48057"}],"curies":[{"name":"wp","href":"https:\/\/api.w.org\/{rel}","templated":true}]}}