{"id":48064,"date":"2023-03-23T16:49:10","date_gmt":"2023-03-23T19:49:10","guid":{"rendered":"https:\/\/www.portalalerta.com.br\/?p=48064"},"modified":"2023-03-23T16:49:11","modified_gmt":"2023-03-23T19:49:11","slug":"lula-volta-a-atacar-campos-neto-e-diz-que-atentado-contra-moro-e-armacao","status":"publish","type":"post","link":"https:\/\/www.portalalerta.com.br\/index.php\/2023\/03\/23\/lula-volta-a-atacar-campos-neto-e-diz-que-atentado-contra-moro-e-armacao\/","title":{"rendered":"Lula volta a atacar Campos Neto e diz que atentado contra Moro \u00e9 &#8216;arma\u00e7\u00e3o&#8217;"},"content":{"rendered":"\n<p><strong>Presidente disse que n\u00e3o &#8216;acusaria sem provas&#8217;, mas arriscou coment\u00e1rio sobre a\u00e7\u00e3o que prendeu suspeitos de planejar ataque<\/strong><\/p>\n\n\n\n<!--more-->\n\n\n\n<p>O presidente Luiz In\u00e1cio Lula da Silva (PT) voltou a criticar nesta quinta-feira (23) a manuten\u00e7\u00e3o da\u00a0taxa b\u00e1sica de juros (Selic) em 13,75% pelo Banco Central\u00a0e comentou que o\u00a0plano descoberto pela Pol\u00edcia Federal que\u00a0tinha como alvo o ex-juiz e agora senador, Sergio Moro (Uni\u00e3o-PR),\u00a0\u00e9 uma &#8220;arma\u00e7\u00e3o&#8221;.<\/p>\n\n\n\n<p><strong><em>&#8220;\u00c9 vis\u00edvel que \u00e9 mais uma arma\u00e7\u00e3o, mas isso a gente vai esperar, n\u00e3o vou atacar ningu\u00e9m sem ter provas&#8221;,<\/em><\/strong> disse o presidente ao ser questionado sobre se estaria acompanhando os desdobramentos da opera\u00e7\u00e3o da Pol\u00edcia Federal (PF).&nbsp;<\/p>\n\n\n<div class=\"wp-block-image\">\n<figure class=\"alignleft size-full is-resized\"><img fetchpriority=\"high\" decoding=\"async\" src=\"https:\/\/www.portalalerta.com.br\/wp-content\/uploads\/2021\/04\/ELAB.jpg\" alt=\"\" class=\"wp-image-34795\" width=\"419\" height=\"334\" srcset=\"https:\/\/www.portalalerta.com.br\/wp-content\/uploads\/2021\/04\/ELAB.jpg 1000w, https:\/\/www.portalalerta.com.br\/wp-content\/uploads\/2021\/04\/ELAB-300x240.jpg 300w, https:\/\/www.portalalerta.com.br\/wp-content\/uploads\/2021\/04\/ELAB-768x614.jpg 768w, https:\/\/www.portalalerta.com.br\/wp-content\/uploads\/2021\/04\/ELAB-183x146.jpg 183w, https:\/\/www.portalalerta.com.br\/wp-content\/uploads\/2021\/04\/ELAB-50x40.jpg 50w, https:\/\/www.portalalerta.com.br\/wp-content\/uploads\/2021\/04\/ELAB-94x75.jpg 94w\" sizes=\"(max-width: 419px) 100vw, 419px\" \/><\/figure><\/div>\n\n\n<p>Nessa quarta-feira (22), a PF cumpriu 11 mandados de pris\u00e3o contra suspeitos de planejar os atentados.&nbsp;Durante as apura\u00e7\u00f5es, foi identificado que um olheiro, ligado \u00e0 fac\u00e7\u00e3o criminosa PCC, estaria fazendo campana na frente da casa do senador, em Curitiba. As investiga\u00e7\u00f5es mostram que os suspeitos pretendiam realizar os ataques de forma simult\u00e2nea em v\u00e1rios estados.&nbsp;<\/p>\n\n\n\n<p>A opera\u00e7\u00e3o foi anunciada pelo ministro da Justi\u00e7a, Fl\u00e1vio Dino, que afirmou que as investiga\u00e7\u00f5es come\u00e7aram h\u00e1 cerca de 45 dias, depois que o presidente do Senado, Rodrigo Pacheco (PSD-MG), informou sobre a possibilidade dos ataques.&nbsp;<\/p>\n\n\n\n<p><strong><em>&#8220;Especificamente em rela\u00e7\u00e3o ao senador Moro, chamou a aten\u00e7\u00e3o, e foi determinante para a PF, o fato de j\u00e1 haver atos de montagem de estruturas para perpetra\u00e7\u00e3o de crimes no Paran\u00e1. Isso que levou parte da investiga\u00e7\u00e3o a tramitar no Paran\u00e1&#8221;<\/em><\/strong>, afirmou o ministro.<\/p>\n\n\n\n<p>Nessa quarta, Moro apresentou um projeto de lei no Senado com o objetivo de tornar mais duras as penas contra o crime organizado. Ele disse que espera apoio do governo federal para aprovar o\u00a0projeto como um &#8220;pedido de desculpas&#8221; por declara\u00e7\u00f5es recentes de Lula sobre o senador.\u00a0<\/p>\n\n\n\n<p>A afirma\u00e7\u00e3o do ex-ministro e ex-juiz se refere \u00e0 afirma\u00e7\u00e3o de Lula de que alimentava uma ideia de vingan\u00e7a contra o senador quando estava preso, em Curitiba. Para Moro, a fala de Lula \u2014 de que <strong><em>&#8220;s\u00f3 vou ficar bem quando eu f&#8230; com o Moro&#8221; <\/em><\/strong>\u2014 exp\u00f5e ele e a fam\u00edlia a uma situa\u00e7\u00e3o de &#8220;vulnerabilidade&#8221;.\u00a0<\/p>\n\n\n\n<p><strong>Banco Central<\/strong><\/p>\n\n\n\n<p>Em mais uma ofensiva\u00a0contra o presidente do Banco Central (BC), Roberto Campos Neto, o petista voltou a criticar a taxa b\u00e1sica de juros (Selic) em 13,75% e disse que o chefe do BC tem que &#8220;cumprir a lei&#8221;. <strong><em>&#8220;Ele precisa cuidar da pol\u00edtica monet\u00e1ria, mas tamb\u00e9m do emprego, da infla\u00e7\u00e3o e da renda do povo. \u00c9 isso que est\u00e1 na lei. Ele n\u00e3o est\u00e1 fazendo isso. Se estivesse fazendo, eu n\u00e3o estaria reclamando.&#8221;<\/em><\/strong><\/p>\n\n\n\n<p>Ontem, o BC anunciou a&nbsp;decis\u00e3o de manter a Selic em 13,75% ao ano, o maior patamar desde 2017. A medida desagradou o governo federal. Em outra oportunidade, Lula&nbsp;sugeriu revisar a autonomia do banco.&nbsp;<\/p>\n\n\n\n<p>O presidente cumpre agenda no Rio de Janeiro, onde visita o Complexo Naval de Itagua\u00ed para acompanhar os avan\u00e7os do Programa de Desenvolvimento de Submarinos, batizado de ProSub. O programa concluiu os testes de imers\u00e3o do submarino S-41, o &#8220;Humait\u00e1&#8221;. Ele retorna a Bras\u00edlia ainda nesta quinta-feira (23).<\/p>\n\n\n\n<p><em>Fonte: R7<\/em><\/p>\n","protected":false},"excerpt":{"rendered":"<p>Presidente disse que n\u00e3o &#8216;acusaria sem provas&#8217;, mas arriscou coment\u00e1rio sobre a\u00e7\u00e3o que prendeu suspeitos de planejar ataque<\/p>\n","protected":false},"author":2,"featured_media":27598,"comment_status":"open","ping_status":"open","sticky":false,"template":"","format":"standard","meta":{"om_disable_all_campaigns":false,"_monsterinsights_skip_tracking":false,"_monsterinsights_sitenote_active":false,"_monsterinsights_sitenote_note":"","_monsterinsights_sitenote_category":0,"footnotes":""},"categories":[34,70,69,21],"tags":[100,71,48,4978,75,4178,4180,129,107,4181,132,230,303,106,203,120,51,109,88,47,443,111,190],"class_list":["post-48064","post","type-post","status-publish","format-standard","has-post-thumbnail","hentry","category-brasil","category-destaques","category-noticias2","category-politica","tag-adustina","tag-antas","tag-araci","tag-campos-neto","tag-cicero-dantas","tag-cipo-2","tag-crisopolis-2","tag-euclides-da-cunha","tag-fatima","tag-heliopolis-2","tag-itapicuru","tag-jeremoabo","tag-lula","tag-nova-soure","tag-novo-triunfo","tag-olindina","tag-paripiranga","tag-quijingue","tag-ribeira-do-amparo","tag-ribeira-do-pombal","tag-sergio-moro","tag-sitio-do-quinto","tag-tucano"],"aioseo_notices":[],"_links":{"self":[{"href":"https:\/\/www.portalalerta.com.br\/index.php\/wp-json\/wp\/v2\/posts\/48064","targetHints":{"allow":["GET"]}}],"collection":[{"href":"https:\/\/www.portalalerta.com.br\/index.php\/wp-json\/wp\/v2\/posts"}],"about":[{"href":"https:\/\/www.portalalerta.com.br\/index.php\/wp-json\/wp\/v2\/types\/post"}],"author":[{"embeddable":true,"href":"https:\/\/www.portalalerta.com.br\/index.php\/wp-json\/wp\/v2\/users\/2"}],"replies":[{"embeddable":true,"href":"https:\/\/www.portalalerta.com.br\/index.php\/wp-json\/wp\/v2\/comments?post=48064"}],"version-history":[{"count":1,"href":"https:\/\/www.portalalerta.com.br\/index.php\/wp-json\/wp\/v2\/posts\/48064\/revisions"}],"predecessor-version":[{"id":48065,"href":"https:\/\/www.portalalerta.com.br\/index.php\/wp-json\/wp\/v2\/posts\/48064\/revisions\/48065"}],"wp:featuredmedia":[{"embeddable":true,"href":"https:\/\/www.portalalerta.com.br\/index.php\/wp-json\/wp\/v2\/media\/27598"}],"wp:attachment":[{"href":"https:\/\/www.portalalerta.com.br\/index.php\/wp-json\/wp\/v2\/media?parent=48064"}],"wp:term":[{"taxonomy":"category","embeddable":true,"href":"https:\/\/www.portalalerta.com.br\/index.php\/wp-json\/wp\/v2\/categories?post=48064"},{"taxonomy":"post_tag","embeddable":true,"href":"https:\/\/www.portalalerta.com.br\/index.php\/wp-json\/wp\/v2\/tags?post=48064"}],"curies":[{"name":"wp","href":"https:\/\/api.w.org\/{rel}","templated":true}]}}