{"id":48066,"date":"2023-03-23T17:19:00","date_gmt":"2023-03-23T20:19:00","guid":{"rendered":"https:\/\/www.portalalerta.com.br\/?p=48066"},"modified":"2023-03-23T17:19:01","modified_gmt":"2023-03-23T20:19:01","slug":"policia-cumpre-mandado-de-prisao-contra-autor-de-atropelamento-e-confirma-primeiro-homicidio-do-ano-em-ribeira-do-pombal-ba","status":"publish","type":"post","link":"https:\/\/www.portalalerta.com.br\/index.php\/2023\/03\/23\/policia-cumpre-mandado-de-prisao-contra-autor-de-atropelamento-e-confirma-primeiro-homicidio-do-ano-em-ribeira-do-pombal-ba\/","title":{"rendered":"Pol\u00edcia cumpre mandado de pris\u00e3o contra autor de atropelamento, e confirma primeiro homic\u00eddio do ano em Ribeira do Pombal-BA"},"content":{"rendered":"\n<p>Na manh\u00e3 desta quinta-feira (23), policiais civis de Ribeira do Pombal-BA, cumpriram um mandado de pris\u00e3o preventiva em desfavor de Arnaldo Pimentel de Souza.<\/p>\n\n\n\n<!--more-->\n\n\n\n<p>De acordo com o Delegado de Pol\u00edcia, Dr. Thiago Cunha, Arnaldo \u00e9 apontado como autor do atropelamento ocorrido na madrugada do \u00faltimo s\u00e1bado (18), na Av. Abelardo Gama, em Ribeira do Pombal. Na ocasi\u00e3o, o ve\u00edculo que era conduzido por Arnaldo atingiu uma moto Honda CG de cor vermelha, que era conduzida por Dernivan Santos de Jesus, 30 anos, que morreu no local. Ainda segundo informa\u00e7\u00f5es, o passageiro da moto, cuja identidade n\u00e3o foi divulgada, ficou ferido, mas conseguiu sobreviver. <strong><a href=\"https:\/\/www.portalalerta.com.br\/index.php\/2023\/03\/18\/acidente-de-transito-com-vitima-fatal-pode-ter-sido-o-primeiro-homicidio-do-ano-em-ribeira-do-pombal-ba-entenda\/\">Relembre<\/a><\/strong><\/p>\n\n\n<div class=\"wp-block-image\">\n<figure class=\"alignleft size-full\"><img fetchpriority=\"high\" decoding=\"async\" width=\"400\" height=\"300\" src=\"https:\/\/www.portalalerta.com.br\/wp-content\/uploads\/2023\/01\/Auto-Escola-Sonho.jpg\" alt=\"\" class=\"wp-image-47083\" srcset=\"https:\/\/www.portalalerta.com.br\/wp-content\/uploads\/2023\/01\/Auto-Escola-Sonho.jpg 400w, https:\/\/www.portalalerta.com.br\/wp-content\/uploads\/2023\/01\/Auto-Escola-Sonho-320x240.jpg 320w\" sizes=\"(max-width: 400px) 100vw, 400px\" \/><\/figure><\/div>\n\n\n<p>Ainda de acordo com relatos do Delegado, o crime teria sido premeditado pelo autor, que n\u00e3o tinha gostado do fato de ter sido expulso de uma casa, onde acontecia uma festa. O mesmo teria esperado do lado de fora da casa, no interior do ve\u00edculo, e ao perceber que as v\u00edtimas sa\u00edram do local para comprar cerveja, as seguiram at\u00e9 o cometimento do crime.<\/p>\n\n\n\n<p>Diante dos fatos, foi solicitado junto ao judici\u00e1rio local a decreta\u00e7\u00e3o da pris\u00e3o preventiva do suspeito, o que foi acatada, e na manh\u00e3 desta quinta-feira cumprida nas proximidades do povoado Tiririca, em Ribeira do Amparo-BA.<\/p>\n\n\n\n<p>Arnaldo foi encaminhado para a carceragem da Delegacia de Pol\u00edcia Civil de Ribeira do Pombal, onde se encontra custodiado \u00e0 disposi\u00e7\u00e3o da justi\u00e7a, passando a responder pelos crimes de homic\u00eddio qualificado e tentativa de homic\u00eddio.<\/p>\n\n\n\n<p><em>Reda\u00e7\u00e3o: Portal Alerta<\/em><\/p>\n","protected":false},"excerpt":{"rendered":"<p>Na manh\u00e3 desta quinta-feira (23), policiais civis de Ribeira do Pombal-BA, cumpriram um mandado de pris\u00e3o preventiva em desfavor de Arnaldo Pimentel de Souza.<\/p>\n","protected":false},"author":2,"featured_media":47973,"comment_status":"open","ping_status":"open","sticky":false,"template":"","format":"standard","meta":{"om_disable_all_campaigns":false,"_monsterinsights_skip_tracking":false,"_monsterinsights_sitenote_active":false,"_monsterinsights_sitenote_note":"","_monsterinsights_sitenote_category":0,"footnotes":""},"categories":[70,69,32,3,22],"tags":[100,71,48,209,75,4178,4180,129,107,4181,206,132,230,488,106,203,120,51,122,77,109,88,47,111],"class_list":["post-48066","post","type-post","status-publish","format-standard","has-post-thumbnail","hentry","category-destaques","category-noticias2","category-regiao","category-ribeira-do-pombal","category-seguranca","tag-adustina","tag-antas","tag-araci","tag-atropelamento","tag-cicero-dantas","tag-cipo-2","tag-crisopolis-2","tag-euclides-da-cunha","tag-fatima","tag-heliopolis-2","tag-homicidio","tag-itapicuru","tag-jeremoabo","tag-mandado-de-prisao","tag-nova-soure","tag-novo-triunfo","tag-olindina","tag-paripiranga","tag-policia-civil","tag-preso","tag-quijingue","tag-ribeira-do-amparo","tag-ribeira-do-pombal","tag-sitio-do-quinto"],"aioseo_notices":[],"_links":{"self":[{"href":"https:\/\/www.portalalerta.com.br\/index.php\/wp-json\/wp\/v2\/posts\/48066","targetHints":{"allow":["GET"]}}],"collection":[{"href":"https:\/\/www.portalalerta.com.br\/index.php\/wp-json\/wp\/v2\/posts"}],"about":[{"href":"https:\/\/www.portalalerta.com.br\/index.php\/wp-json\/wp\/v2\/types\/post"}],"author":[{"embeddable":true,"href":"https:\/\/www.portalalerta.com.br\/index.php\/wp-json\/wp\/v2\/users\/2"}],"replies":[{"embeddable":true,"href":"https:\/\/www.portalalerta.com.br\/index.php\/wp-json\/wp\/v2\/comments?post=48066"}],"version-history":[{"count":1,"href":"https:\/\/www.portalalerta.com.br\/index.php\/wp-json\/wp\/v2\/posts\/48066\/revisions"}],"predecessor-version":[{"id":48067,"href":"https:\/\/www.portalalerta.com.br\/index.php\/wp-json\/wp\/v2\/posts\/48066\/revisions\/48067"}],"wp:featuredmedia":[{"embeddable":true,"href":"https:\/\/www.portalalerta.com.br\/index.php\/wp-json\/wp\/v2\/media\/47973"}],"wp:attachment":[{"href":"https:\/\/www.portalalerta.com.br\/index.php\/wp-json\/wp\/v2\/media?parent=48066"}],"wp:term":[{"taxonomy":"category","embeddable":true,"href":"https:\/\/www.portalalerta.com.br\/index.php\/wp-json\/wp\/v2\/categories?post=48066"},{"taxonomy":"post_tag","embeddable":true,"href":"https:\/\/www.portalalerta.com.br\/index.php\/wp-json\/wp\/v2\/tags?post=48066"}],"curies":[{"name":"wp","href":"https:\/\/api.w.org\/{rel}","templated":true}]}}