{"id":48107,"date":"2023-03-27T07:01:00","date_gmt":"2023-03-27T10:01:00","guid":{"rendered":"https:\/\/www.portalalerta.com.br\/?p=48107"},"modified":"2023-03-26T19:58:19","modified_gmt":"2023-03-26T22:58:19","slug":"morre-juca-chaves-icone-da-cultura-brasileira-aos-84-anos-em-salvador","status":"publish","type":"post","link":"https:\/\/www.portalalerta.com.br\/index.php\/2023\/03\/27\/morre-juca-chaves-icone-da-cultura-brasileira-aos-84-anos-em-salvador\/","title":{"rendered":"Morre Juca Chaves, \u00edcone da cultura brasileira, aos 84 anos em Salvador"},"content":{"rendered":"\n<p>O\u00a0Brasil\u00a0perdeu um de seus grandes \u00edcones da cultura neste final de semana. O cantor, compositor, humorista e ativista social Juca Chaves faleceu aos 84 anos na noite de s\u00e1bado (25) no Hospital S\u00e3o Rafael, em\u00a0Salvador. Ele estava internado h\u00e1 15 dias com problemas respirat\u00f3rios e card\u00edacos. Sua morte ocorreu por volta das 22h30.<\/p>\n\n\n\n<!--more-->\n\n\n<div class=\"wp-block-image\">\n<figure class=\"alignleft size-full\"><img fetchpriority=\"high\" decoding=\"async\" width=\"400\" height=\"300\" src=\"https:\/\/www.portalalerta.com.br\/wp-content\/uploads\/2023\/01\/Auto-Escola-Sonho.jpg\" alt=\"\" class=\"wp-image-47083\" srcset=\"https:\/\/www.portalalerta.com.br\/wp-content\/uploads\/2023\/01\/Auto-Escola-Sonho.jpg 400w, https:\/\/www.portalalerta.com.br\/wp-content\/uploads\/2023\/01\/Auto-Escola-Sonho-320x240.jpg 320w\" sizes=\"(max-width: 400px) 100vw, 400px\" \/><\/figure><\/div>\n\n\n<p>Com seu humor inteligente e irreverente e suas m\u00fasicas engajadas, Juca Chaves conquistou o cora\u00e7\u00e3o do p\u00fablico e se tornou refer\u00eancia para diversas gera\u00e7\u00f5es de artistas e militantes. Ele sempre esteve envolvido em causas sociais e pol\u00edticas, e suas can\u00e7\u00f5es eram marcadas por cr\u00edticas aos problemas do Brasil, como a desigualdade social e a corrup\u00e7\u00e3o.<\/p>\n\n\n\n<p>Nascido em S\u00e3o Paulo em 22 de outubro de 1938, Juca iniciou sua carreira art\u00edstica nos anos 50. Lan\u00e7ou mais de 20 \u00e1lbuns ao longo da carreira, e suas m\u00fasicas mais conhecidas incluem <strong><em>\u201cPresidente Bossa Nova\u201d<\/em><\/strong>, <strong><em>\u201cTake Me Back to Piau\u00ed\u201d,<\/em><\/strong> <strong><em>\u201cQue Saudade de Voc\u00ea\u201d<\/em><\/strong> e <strong><em>\u201cMazzaropi\u201d<\/em><\/strong>.<\/p>\n\n\n\n<p>Al\u00e9m de sua carreira musical, Juca tamb\u00e9m participou de programas de TV, filmes e pe\u00e7as teatrais. Ele foi um dos criadores do programa de televis\u00e3o <strong><em>\u201cFa\u00e7a Humor, N\u00e3o Fa\u00e7a Guerra\u201d<\/em><\/strong>, que se tornou um marco na televis\u00e3o brasileira nos anos 70.<\/p>\n\n\n\n<p><em>Fonte: Chico Sabe Tudo<\/em><\/p>\n","protected":false},"excerpt":{"rendered":"<p>O\u00a0Brasil\u00a0perdeu um de seus grandes \u00edcones da cultura neste final de semana. O cantor, compositor, humorista e ativista social Juca Chaves faleceu aos 84 anos na noite de s\u00e1bado (25) no Hospital S\u00e3o Rafael, em\u00a0Salvador. Ele estava internado h\u00e1 15 dias com problemas respirat\u00f3rios e card\u00edacos. Sua morte ocorreu por volta das 22h30.<\/p>\n","protected":false},"author":2,"featured_media":48108,"comment_status":"open","ping_status":"open","sticky":false,"template":"","format":"standard","meta":{"om_disable_all_campaigns":false,"_monsterinsights_skip_tracking":false,"_monsterinsights_sitenote_active":false,"_monsterinsights_sitenote_note":"","_monsterinsights_sitenote_category":0,"footnotes":""},"categories":[33,70,69],"tags":[100,71,48,54,75,4178,4180,129,107,4181,132,230,6009,169,106,203,120,51,109,88,47,330,111],"class_list":["post-48107","post","type-post","status-publish","format-standard","has-post-thumbnail","hentry","category-bahia","category-destaques","category-noticias2","tag-adustina","tag-antas","tag-araci","tag-bahia","tag-cicero-dantas","tag-cipo-2","tag-crisopolis-2","tag-euclides-da-cunha","tag-fatima","tag-heliopolis-2","tag-itapicuru","tag-jeremoabo","tag-juca-chaves","tag-morte","tag-nova-soure","tag-novo-triunfo","tag-olindina","tag-paripiranga","tag-quijingue","tag-ribeira-do-amparo","tag-ribeira-do-pombal","tag-salvador","tag-sitio-do-quinto"],"aioseo_notices":[],"_links":{"self":[{"href":"https:\/\/www.portalalerta.com.br\/index.php\/wp-json\/wp\/v2\/posts\/48107","targetHints":{"allow":["GET"]}}],"collection":[{"href":"https:\/\/www.portalalerta.com.br\/index.php\/wp-json\/wp\/v2\/posts"}],"about":[{"href":"https:\/\/www.portalalerta.com.br\/index.php\/wp-json\/wp\/v2\/types\/post"}],"author":[{"embeddable":true,"href":"https:\/\/www.portalalerta.com.br\/index.php\/wp-json\/wp\/v2\/users\/2"}],"replies":[{"embeddable":true,"href":"https:\/\/www.portalalerta.com.br\/index.php\/wp-json\/wp\/v2\/comments?post=48107"}],"version-history":[{"count":1,"href":"https:\/\/www.portalalerta.com.br\/index.php\/wp-json\/wp\/v2\/posts\/48107\/revisions"}],"predecessor-version":[{"id":48109,"href":"https:\/\/www.portalalerta.com.br\/index.php\/wp-json\/wp\/v2\/posts\/48107\/revisions\/48109"}],"wp:featuredmedia":[{"embeddable":true,"href":"https:\/\/www.portalalerta.com.br\/index.php\/wp-json\/wp\/v2\/media\/48108"}],"wp:attachment":[{"href":"https:\/\/www.portalalerta.com.br\/index.php\/wp-json\/wp\/v2\/media?parent=48107"}],"wp:term":[{"taxonomy":"category","embeddable":true,"href":"https:\/\/www.portalalerta.com.br\/index.php\/wp-json\/wp\/v2\/categories?post=48107"},{"taxonomy":"post_tag","embeddable":true,"href":"https:\/\/www.portalalerta.com.br\/index.php\/wp-json\/wp\/v2\/tags?post=48107"}],"curies":[{"name":"wp","href":"https:\/\/api.w.org\/{rel}","templated":true}]}}