{"id":48114,"date":"2023-03-27T11:00:00","date_gmt":"2023-03-27T14:00:00","guid":{"rendered":"https:\/\/www.portalalerta.com.br\/?p=48114"},"modified":"2023-03-26T20:57:21","modified_gmt":"2023-03-26T23:57:21","slug":"dilma-adia-cerimonia-de-posse-no-banco-do-brics","status":"publish","type":"post","link":"https:\/\/www.portalalerta.com.br\/index.php\/2023\/03\/27\/dilma-adia-cerimonia-de-posse-no-banco-do-brics\/","title":{"rendered":"Dilma adia cerim\u00f4nia de posse no Banco do Brics"},"content":{"rendered":"\n<p>Ex-presidente vai assumir comando antes da cerim\u00f4nia formal<\/p>\n\n\n\n<!--more-->\n\n\n\n<p>Indicada e\u00a0oficializada para o comando do Banco do Brics, a ex-presidente Dilma Rousseff (PT)\u00a0adiou a data de sua cerim\u00f4nia de posse para quando o Luiz In\u00e1cio Lula da Silva (PT) remarcar a viagem \u00e0 China. O comando do banco, no entanto, j\u00e1 ser\u00e1 assumido por\u00a0Dilma nesta semana, mesmo sem a presen\u00e7a do presidente. A cerim\u00f4nia formal de sua posse\u00a0ser\u00e1 realizada quando o chefe do Executivo estabelecer nova data de\u00a0sua viagem para a China.\u00a0<\/p>\n\n\n<div class=\"wp-block-image\">\n<figure class=\"alignleft size-full is-resized\"><img fetchpriority=\"high\" decoding=\"async\" src=\"https:\/\/www.portalalerta.com.br\/wp-content\/uploads\/2021\/04\/ELAB.jpg\" alt=\"\" class=\"wp-image-34795\" width=\"406\" height=\"324\" srcset=\"https:\/\/www.portalalerta.com.br\/wp-content\/uploads\/2021\/04\/ELAB.jpg 1000w, https:\/\/www.portalalerta.com.br\/wp-content\/uploads\/2021\/04\/ELAB-300x240.jpg 300w, https:\/\/www.portalalerta.com.br\/wp-content\/uploads\/2021\/04\/ELAB-768x614.jpg 768w, https:\/\/www.portalalerta.com.br\/wp-content\/uploads\/2021\/04\/ELAB-183x146.jpg 183w, https:\/\/www.portalalerta.com.br\/wp-content\/uploads\/2021\/04\/ELAB-50x40.jpg 50w, https:\/\/www.portalalerta.com.br\/wp-content\/uploads\/2021\/04\/ELAB-94x75.jpg 94w\" sizes=\"(max-width: 406px) 100vw, 406px\" \/><\/figure><\/div>\n\n\n<p>Dilma seria empossada no cargo de presidente do Banco de Desenvolvimento do BRICS na quarta-feira (29) com a presen\u00e7a de Lula, em Xangai. Inicialmente, o presidente embarcaria para a China no s\u00e1bado, mas\u00a0foi\u00a0diagnosticado com um quadro de broncopneumonia bacteriana e viral por Influenza\u00a0na \u00faltima quinta-feira (23).<\/p>\n\n\n\n<p>O governo havia adiado o embarque para este domingo (26), mas anunciou o cancelamento da viagem diplom\u00e1tica na tarde de s\u00e1bado (25).<\/p>\n\n\n\n<p><em>Fonte: Metro1<\/em><\/p>\n","protected":false},"excerpt":{"rendered":"<p>Ex-presidente vai assumir comando antes da cerim\u00f4nia formal<\/p>\n","protected":false},"author":2,"featured_media":43186,"comment_status":"open","ping_status":"open","sticky":false,"template":"","format":"standard","meta":{"om_disable_all_campaigns":false,"_monsterinsights_skip_tracking":false,"_monsterinsights_sitenote_active":false,"_monsterinsights_sitenote_note":"","_monsterinsights_sitenote_category":0,"footnotes":""},"categories":[34,70,35,69,21],"tags":[100,71,48,93,3213,75,4178,4180,730,129,107,4181,132,230,339,106,203,120,51,603,109,88,47,111],"class_list":["post-48114","post","type-post","status-publish","format-standard","has-post-thumbnail","hentry","category-brasil","category-destaques","category-mundo","category-noticias2","category-politica","tag-adustina","tag-antas","tag-araci","tag-brasil","tag-brics","tag-cicero-dantas","tag-cipo-2","tag-crisopolis-2","tag-dilma-rousseff","tag-euclides-da-cunha","tag-fatima","tag-heliopolis-2","tag-itapicuru","tag-jeremoabo","tag-mundo","tag-nova-soure","tag-novo-triunfo","tag-olindina","tag-paripiranga","tag-posse","tag-quijingue","tag-ribeira-do-amparo","tag-ribeira-do-pombal","tag-sitio-do-quinto"],"aioseo_notices":[],"_links":{"self":[{"href":"https:\/\/www.portalalerta.com.br\/index.php\/wp-json\/wp\/v2\/posts\/48114","targetHints":{"allow":["GET"]}}],"collection":[{"href":"https:\/\/www.portalalerta.com.br\/index.php\/wp-json\/wp\/v2\/posts"}],"about":[{"href":"https:\/\/www.portalalerta.com.br\/index.php\/wp-json\/wp\/v2\/types\/post"}],"author":[{"embeddable":true,"href":"https:\/\/www.portalalerta.com.br\/index.php\/wp-json\/wp\/v2\/users\/2"}],"replies":[{"embeddable":true,"href":"https:\/\/www.portalalerta.com.br\/index.php\/wp-json\/wp\/v2\/comments?post=48114"}],"version-history":[{"count":1,"href":"https:\/\/www.portalalerta.com.br\/index.php\/wp-json\/wp\/v2\/posts\/48114\/revisions"}],"predecessor-version":[{"id":48115,"href":"https:\/\/www.portalalerta.com.br\/index.php\/wp-json\/wp\/v2\/posts\/48114\/revisions\/48115"}],"wp:featuredmedia":[{"embeddable":true,"href":"https:\/\/www.portalalerta.com.br\/index.php\/wp-json\/wp\/v2\/media\/43186"}],"wp:attachment":[{"href":"https:\/\/www.portalalerta.com.br\/index.php\/wp-json\/wp\/v2\/media?parent=48114"}],"wp:term":[{"taxonomy":"category","embeddable":true,"href":"https:\/\/www.portalalerta.com.br\/index.php\/wp-json\/wp\/v2\/categories?post=48114"},{"taxonomy":"post_tag","embeddable":true,"href":"https:\/\/www.portalalerta.com.br\/index.php\/wp-json\/wp\/v2\/tags?post=48114"}],"curies":[{"name":"wp","href":"https:\/\/api.w.org\/{rel}","templated":true}]}}