{"id":48116,"date":"2023-03-27T11:01:00","date_gmt":"2023-03-27T14:01:00","guid":{"rendered":"https:\/\/www.portalalerta.com.br\/?p=48116"},"modified":"2023-03-26T21:13:49","modified_gmt":"2023-03-27T00:13:49","slug":"veiculo-roubado-em-sao-paulo-e-recuperado-em-tucano-ba","status":"publish","type":"post","link":"https:\/\/www.portalalerta.com.br\/index.php\/2023\/03\/27\/veiculo-roubado-em-sao-paulo-e-recuperado-em-tucano-ba\/","title":{"rendered":"Ve\u00edculo roubado em S\u00e3o Paulo \u00e9 recuperado em Tucano-BA"},"content":{"rendered":"\n<p>Na \u00faltima segunda-feira (20), policiais militares da 2\u00aa CIA\/ Tucano-BA, recuperaram um ve\u00edculo roubado.<\/p>\n\n\n\n<!--more-->\n\n\n\n<p>A a\u00e7\u00e3o aconteceu durante rondas de rotina, momento em que os militares se transitavam pela Pra\u00e7a Ana Oliveira, centro do Distrito de Caldas do Jorro, no referido munic\u00edpio. Na ocasi\u00e3o, os policiais consultaram os dados do ve\u00edculo Nissan March de cor preta, demais dados n\u00e3o informados, apontando que o ve\u00edculo tinha sido roubado em dezembro do ano passado no munic\u00edpio de Ca\u00e7apava-SP.<\/p>\n\n\n\n<p>O condutor do ve\u00edculo, identificado pelas iniciais A de S.S, bem como o carro, foram apresentados na Central de Flagrantes, em Euclides da Cunha-BA, para a ado\u00e7\u00e3o das medidas cab\u00edveis.<\/p>\n\n\n\n<p>De acordo com informa\u00e7\u00f5es, o condutor flagrado com o ve\u00edculo roubado, j\u00e1 acumula passagens pela pol\u00edcia paulista pelas pr\u00e1ticas de homic\u00eddio e porte ilegal de arma de fogo.<\/p>\n\n\n\n<p><em>Reda\u00e7\u00e3o: Portal Alerta <\/em><em><\/em><\/p>\n","protected":false},"excerpt":{"rendered":"<p>Na \u00faltima segunda-feira (20), policiais militares da 2\u00aa CIA\/ Tucano-BA, recuperaram um ve\u00edculo roubado.<\/p>\n","protected":false},"author":2,"featured_media":48117,"comment_status":"open","ping_status":"open","sticky":false,"template":"","format":"standard","meta":{"om_disable_all_campaigns":false,"_monsterinsights_skip_tracking":false,"_monsterinsights_sitenote_active":false,"_monsterinsights_sitenote_note":"","_monsterinsights_sitenote_category":0,"footnotes":""},"categories":[34,70,69,32,22,12],"tags":[387,100,71,48,589,75,4178,4180,129,107,4181,132,230,106,203,120,51,79,109,88,47,200,404,111,190,102],"class_list":["post-48116","post","type-post","status-publish","format-standard","has-post-thumbnail","hentry","category-brasil","category-destaques","category-noticias2","category-regiao","category-seguranca","category-tucano","tag-5o-bpm","tag-adustina","tag-antas","tag-araci","tag-cacapava","tag-cicero-dantas","tag-cipo-2","tag-crisopolis-2","tag-euclides-da-cunha","tag-fatima","tag-heliopolis-2","tag-itapicuru","tag-jeremoabo","tag-nova-soure","tag-novo-triunfo","tag-olindina","tag-paripiranga","tag-policia-militar","tag-quijingue","tag-ribeira-do-amparo","tag-ribeira-do-pombal","tag-roubo-de-carro","tag-sao-paulo","tag-sitio-do-quinto","tag-tucano","tag-veiculo-recuperado"],"aioseo_notices":[],"_links":{"self":[{"href":"https:\/\/www.portalalerta.com.br\/index.php\/wp-json\/wp\/v2\/posts\/48116","targetHints":{"allow":["GET"]}}],"collection":[{"href":"https:\/\/www.portalalerta.com.br\/index.php\/wp-json\/wp\/v2\/posts"}],"about":[{"href":"https:\/\/www.portalalerta.com.br\/index.php\/wp-json\/wp\/v2\/types\/post"}],"author":[{"embeddable":true,"href":"https:\/\/www.portalalerta.com.br\/index.php\/wp-json\/wp\/v2\/users\/2"}],"replies":[{"embeddable":true,"href":"https:\/\/www.portalalerta.com.br\/index.php\/wp-json\/wp\/v2\/comments?post=48116"}],"version-history":[{"count":1,"href":"https:\/\/www.portalalerta.com.br\/index.php\/wp-json\/wp\/v2\/posts\/48116\/revisions"}],"predecessor-version":[{"id":48118,"href":"https:\/\/www.portalalerta.com.br\/index.php\/wp-json\/wp\/v2\/posts\/48116\/revisions\/48118"}],"wp:featuredmedia":[{"embeddable":true,"href":"https:\/\/www.portalalerta.com.br\/index.php\/wp-json\/wp\/v2\/media\/48117"}],"wp:attachment":[{"href":"https:\/\/www.portalalerta.com.br\/index.php\/wp-json\/wp\/v2\/media?parent=48116"}],"wp:term":[{"taxonomy":"category","embeddable":true,"href":"https:\/\/www.portalalerta.com.br\/index.php\/wp-json\/wp\/v2\/categories?post=48116"},{"taxonomy":"post_tag","embeddable":true,"href":"https:\/\/www.portalalerta.com.br\/index.php\/wp-json\/wp\/v2\/tags?post=48116"}],"curies":[{"name":"wp","href":"https:\/\/api.w.org\/{rel}","templated":true}]}}