{"id":48119,"date":"2023-03-27T11:02:00","date_gmt":"2023-03-27T14:02:00","guid":{"rendered":"https:\/\/www.portalalerta.com.br\/?p=48119"},"modified":"2023-03-26T21:22:24","modified_gmt":"2023-03-27T00:22:24","slug":"padilha-afirma-que-presidente-esta-evoluindo-muito-bem-mas-deve-seguir-apenas-agendas-internas-na-proxima-semana","status":"publish","type":"post","link":"https:\/\/www.portalalerta.com.br\/index.php\/2023\/03\/27\/padilha-afirma-que-presidente-esta-evoluindo-muito-bem-mas-deve-seguir-apenas-agendas-internas-na-proxima-semana\/","title":{"rendered":"Padilha afirma que presidente &#8220;est\u00e1 evoluindo muito bem&#8221;, mas deve seguir apenas agendas internas na pr\u00f3xima semana"},"content":{"rendered":"\n<p>De acordo com o ministro, com o cancelamento da viagem, Lula poder\u00e1 avan\u00e7ar com Haddad, nas discuss\u00f5es sobre a nova \u00e2ncora fiscal<\/p>\n\n\n\n<!--more-->\n\n\n\n<p>O ministro das Rela\u00e7\u00f5es Institucionais, Alexandre Padilha, disse, na noite do s\u00e1bado (25), que o presidente Luiz In\u00e1cio Lula da Silva est\u00e1 se recuperando bem da pneumonia que o levou a cancelar a viagem \u00e0 China.<\/p>\n\n\n<div class=\"wp-block-image\">\n<figure class=\"alignleft size-full\"><img fetchpriority=\"high\" decoding=\"async\" width=\"400\" height=\"300\" src=\"https:\/\/www.portalalerta.com.br\/wp-content\/uploads\/2023\/01\/Auto-Escola-Sonho.jpg\" alt=\"\" class=\"wp-image-47083\" srcset=\"https:\/\/www.portalalerta.com.br\/wp-content\/uploads\/2023\/01\/Auto-Escola-Sonho.jpg 400w, https:\/\/www.portalalerta.com.br\/wp-content\/uploads\/2023\/01\/Auto-Escola-Sonho-320x240.jpg 320w\" sizes=\"(max-width: 400px) 100vw, 400px\" \/><\/figure><\/div>\n\n\n<p><strong><em>\u201cTodas as informa\u00e7\u00f5es que temos acompanhado junto \u00e0 equipe m\u00e9dica \u00e9 de uma evolu\u00e7\u00e3o extremamente positiva. O presidente est\u00e1 evoluindo muito bem. A partir de amanh\u00e3 ele j\u00e1 inicia medica\u00e7\u00e3o s\u00f3 oral\u201d<\/em><\/strong>, disse Padilha, que \u00e9 m\u00e9dico, ao chegar ao Pal\u00e1cio da Alvorada para uma visita.<\/p>\n\n\n\n<p>O ministro acrescentou que Lula deve ter \u201cagendas internas\u201d na pr\u00f3xima semana para poder concluir a recupera\u00e7\u00e3o.<\/p>\n\n\n\n<p>De acordo com Padilha, com o cancelamento da viagem, Lula poder\u00e1 avan\u00e7ar com o ministro da Fazenda, Fernando Haddad, nas discuss\u00f5es sobre a nova \u00e2ncora fiscal. Ele evitou, por\u00e9m, responder se o projeto ser\u00e1 apresentado nas pr\u00f3ximas semanas.<\/p>\n\n\n\n<p><em>Fonte: Metro1<\/em><\/p>\n","protected":false},"excerpt":{"rendered":"<p>De acordo com o ministro, com o cancelamento da viagem, Lula poder\u00e1 avan\u00e7ar com Haddad, nas discuss\u00f5es sobre a nova \u00e2ncora fiscal<\/p>\n","protected":false},"author":2,"featured_media":33862,"comment_status":"open","ping_status":"open","sticky":false,"template":"","format":"standard","meta":{"om_disable_all_campaigns":false,"_monsterinsights_skip_tracking":false,"_monsterinsights_sitenote_active":false,"_monsterinsights_sitenote_note":"","_monsterinsights_sitenote_category":0,"footnotes":""},"categories":[34,70,69,21],"tags":[100,4344,71,48,93,75,4178,4180,129,107,4181,132,230,303,106,203,120,51,1152,109,88,47,111,190],"class_list":["post-48119","post","type-post","status-publish","format-standard","has-post-thumbnail","hentry","category-brasil","category-destaques","category-noticias2","category-politica","tag-adustina","tag-alexandre-padilha","tag-antas","tag-araci","tag-brasil","tag-cicero-dantas","tag-cipo-2","tag-crisopolis-2","tag-euclides-da-cunha","tag-fatima","tag-heliopolis-2","tag-itapicuru","tag-jeremoabo","tag-lula","tag-nova-soure","tag-novo-triunfo","tag-olindina","tag-paripiranga","tag-presidente-da-republica","tag-quijingue","tag-ribeira-do-amparo","tag-ribeira-do-pombal","tag-sitio-do-quinto","tag-tucano"],"aioseo_notices":[],"_links":{"self":[{"href":"https:\/\/www.portalalerta.com.br\/index.php\/wp-json\/wp\/v2\/posts\/48119","targetHints":{"allow":["GET"]}}],"collection":[{"href":"https:\/\/www.portalalerta.com.br\/index.php\/wp-json\/wp\/v2\/posts"}],"about":[{"href":"https:\/\/www.portalalerta.com.br\/index.php\/wp-json\/wp\/v2\/types\/post"}],"author":[{"embeddable":true,"href":"https:\/\/www.portalalerta.com.br\/index.php\/wp-json\/wp\/v2\/users\/2"}],"replies":[{"embeddable":true,"href":"https:\/\/www.portalalerta.com.br\/index.php\/wp-json\/wp\/v2\/comments?post=48119"}],"version-history":[{"count":1,"href":"https:\/\/www.portalalerta.com.br\/index.php\/wp-json\/wp\/v2\/posts\/48119\/revisions"}],"predecessor-version":[{"id":48120,"href":"https:\/\/www.portalalerta.com.br\/index.php\/wp-json\/wp\/v2\/posts\/48119\/revisions\/48120"}],"wp:featuredmedia":[{"embeddable":true,"href":"https:\/\/www.portalalerta.com.br\/index.php\/wp-json\/wp\/v2\/media\/33862"}],"wp:attachment":[{"href":"https:\/\/www.portalalerta.com.br\/index.php\/wp-json\/wp\/v2\/media?parent=48119"}],"wp:term":[{"taxonomy":"category","embeddable":true,"href":"https:\/\/www.portalalerta.com.br\/index.php\/wp-json\/wp\/v2\/categories?post=48119"},{"taxonomy":"post_tag","embeddable":true,"href":"https:\/\/www.portalalerta.com.br\/index.php\/wp-json\/wp\/v2\/tags?post=48119"}],"curies":[{"name":"wp","href":"https:\/\/api.w.org\/{rel}","templated":true}]}}