{"id":48124,"date":"2023-03-27T18:00:00","date_gmt":"2023-03-27T21:00:00","guid":{"rendered":"https:\/\/www.portalalerta.com.br\/?p=48124"},"modified":"2023-03-26T21:39:19","modified_gmt":"2023-03-27T00:39:19","slug":"motocicleta-roubada-em-aracaju-se-em-2021-e-recuperada-em-jeremoabo-ba","status":"publish","type":"post","link":"https:\/\/www.portalalerta.com.br\/index.php\/2023\/03\/27\/motocicleta-roubada-em-aracaju-se-em-2021-e-recuperada-em-jeremoabo-ba\/","title":{"rendered":"Motocicleta roubada em Aracaju-SE em 2021 \u00e9 recuperada em Jeremoabo-BA"},"content":{"rendered":"\n<p>A&nbsp;motocicleta estava com os caracteres de identifica\u00e7\u00e3o adulterados.<\/p>\n\n\n\n<!--more-->\n\n\n\n<p>Policiais rodovi\u00e1rios federais recuperaram na tarde de s\u00e1bado (25), em Jeremoabo-BA, uma moto roubada em Aracaju-SE.<\/p>\n\n\n\n<p>Tudo come\u00e7ou ap\u00f3s abordagem ao condutor de uma Honda\/CG 160 Fan, de cor preta que trafegava na rodovia sem a placa traseira.<\/p>\n\n\n\n<p>Quando os PRFs efetuaram a identifica\u00e7\u00e3o veicular, verificaram que os caracteres da motocicleta estavam adulterados.<\/p>\n\n\n\n<p>Ap\u00f3s consulta aos sistemas informatizados, os PRFs constataram que se tratava de um ve\u00edculo roubado, conforme registro da queixa efetuado em 07\/01\/2021, na cidade de Aracaju-SE.<\/p>\n\n\n\n<p>O condutor do ve\u00edculo, um homem de 46 anos, que \u00e9 inabilitado disse que a moto era oriunda de leil\u00e3o. Em seguida,&nbsp;a ocorr\u00eancia foi&nbsp;apresentada&nbsp;a autoridade policial da Delegacia de Pol\u00edcia Judici\u00e1ria local. O crime de recepta\u00e7\u00e3o est\u00e1 previsto no art. 180 do C\u00f3digo Penal Brasileiro.<\/p>\n\n\n\n<p><em>Fonte: Gov.br<\/em><\/p>\n","protected":false},"excerpt":{"rendered":"<p>A&nbsp;motocicleta estava com os caracteres de identifica\u00e7\u00e3o adulterados.<\/p>\n","protected":false},"author":2,"featured_media":48125,"comment_status":"open","ping_status":"open","sticky":false,"template":"","format":"standard","meta":{"om_disable_all_campaigns":false,"_monsterinsights_skip_tracking":false,"_monsterinsights_sitenote_active":false,"_monsterinsights_sitenote_note":"","_monsterinsights_sitenote_category":0,"footnotes":""},"categories":[34,70,9,69,32,22],"tags":[100,71,48,75,4178,4180,129,107,4181,132,230,106,203,120,51,77,149,109,88,47,101,111,190,102],"class_list":["post-48124","post","type-post","status-publish","format-standard","has-post-thumbnail","hentry","category-brasil","category-destaques","category-jeremoabo","category-noticias2","category-regiao","category-seguranca","tag-adustina","tag-antas","tag-araci","tag-cicero-dantas","tag-cipo-2","tag-crisopolis-2","tag-euclides-da-cunha","tag-fatima","tag-heliopolis-2","tag-itapicuru","tag-jeremoabo","tag-nova-soure","tag-novo-triunfo","tag-olindina","tag-paripiranga","tag-preso","tag-prf","tag-quijingue","tag-ribeira-do-amparo","tag-ribeira-do-pombal","tag-roubo-de-moto","tag-sitio-do-quinto","tag-tucano","tag-veiculo-recuperado"],"aioseo_notices":[],"_links":{"self":[{"href":"https:\/\/www.portalalerta.com.br\/index.php\/wp-json\/wp\/v2\/posts\/48124","targetHints":{"allow":["GET"]}}],"collection":[{"href":"https:\/\/www.portalalerta.com.br\/index.php\/wp-json\/wp\/v2\/posts"}],"about":[{"href":"https:\/\/www.portalalerta.com.br\/index.php\/wp-json\/wp\/v2\/types\/post"}],"author":[{"embeddable":true,"href":"https:\/\/www.portalalerta.com.br\/index.php\/wp-json\/wp\/v2\/users\/2"}],"replies":[{"embeddable":true,"href":"https:\/\/www.portalalerta.com.br\/index.php\/wp-json\/wp\/v2\/comments?post=48124"}],"version-history":[{"count":1,"href":"https:\/\/www.portalalerta.com.br\/index.php\/wp-json\/wp\/v2\/posts\/48124\/revisions"}],"predecessor-version":[{"id":48126,"href":"https:\/\/www.portalalerta.com.br\/index.php\/wp-json\/wp\/v2\/posts\/48124\/revisions\/48126"}],"wp:featuredmedia":[{"embeddable":true,"href":"https:\/\/www.portalalerta.com.br\/index.php\/wp-json\/wp\/v2\/media\/48125"}],"wp:attachment":[{"href":"https:\/\/www.portalalerta.com.br\/index.php\/wp-json\/wp\/v2\/media?parent=48124"}],"wp:term":[{"taxonomy":"category","embeddable":true,"href":"https:\/\/www.portalalerta.com.br\/index.php\/wp-json\/wp\/v2\/categories?post=48124"},{"taxonomy":"post_tag","embeddable":true,"href":"https:\/\/www.portalalerta.com.br\/index.php\/wp-json\/wp\/v2\/tags?post=48124"}],"curies":[{"name":"wp","href":"https:\/\/api.w.org\/{rel}","templated":true}]}}