{"id":48127,"date":"2023-03-27T18:01:00","date_gmt":"2023-03-27T21:01:00","guid":{"rendered":"https:\/\/www.portalalerta.com.br\/?p=48127"},"modified":"2023-03-27T10:38:46","modified_gmt":"2023-03-27T13:38:46","slug":"volkswagen-e-gm-iniciam-ferias-coletivas-para-5-mil-trabalhadores-nas-fabricas-do-vale-do-paraiba","status":"publish","type":"post","link":"https:\/\/www.portalalerta.com.br\/index.php\/2023\/03\/27\/volkswagen-e-gm-iniciam-ferias-coletivas-para-5-mil-trabalhadores-nas-fabricas-do-vale-do-paraiba\/","title":{"rendered":"Volkswagen e GM iniciam f\u00e9rias coletivas para 5 mil trabalhadores nas f\u00e1bricas do Vale do Para\u00edba"},"content":{"rendered":"\n<p><strong>Com mercado em desacelera\u00e7\u00e3o, funcion\u00e1rios das duas f\u00e1bricas em Taubat\u00e9 e S\u00e3o Jos\u00e9 dos Campos ficar\u00e3o afastados temporariamente das atividades.<\/strong><\/p>\n\n\n\n<!--more-->\n\n\n\n<p>As montadoras Volkswagen e General Motors (GM) iniciam nesta segunda-feira (27) per\u00edodos de f\u00e9rias coletivas para cerca de cinco mil trabalhadores de suas f\u00e1bricas de Taubat\u00e9 e S\u00e3o Jos\u00e9 dos Campos, no interior paulista.<\/p>\n\n\n\n<p>Com o mercado em desacelera\u00e7\u00e3o, montadoras no pa\u00eds anunciaram afastamento de funcion\u00e1rios e redu\u00e7\u00e3o na produ\u00e7\u00e3o entre mar\u00e7o e abril. As paralisa\u00e7\u00f5es tamb\u00e9m ocorrem em unidades da Hyundai, em Piracicaba; Mercedes-Benz, em S\u00e3o Bernardo do Campo; e Stellantis, em Goiana no Pernambuco, que re\u00fane marcas como Fiat, Peugeot, Citr\u00f6en.<\/p>\n\n\n<div class=\"wp-block-image\">\n<figure class=\"alignleft size-full is-resized\"><img fetchpriority=\"high\" decoding=\"async\" src=\"https:\/\/www.portalalerta.com.br\/wp-content\/uploads\/2021\/04\/ELAB.jpg\" alt=\"\" class=\"wp-image-34795\" width=\"397\" height=\"317\" srcset=\"https:\/\/www.portalalerta.com.br\/wp-content\/uploads\/2021\/04\/ELAB.jpg 1000w, https:\/\/www.portalalerta.com.br\/wp-content\/uploads\/2021\/04\/ELAB-300x240.jpg 300w, https:\/\/www.portalalerta.com.br\/wp-content\/uploads\/2021\/04\/ELAB-768x614.jpg 768w, https:\/\/www.portalalerta.com.br\/wp-content\/uploads\/2021\/04\/ELAB-183x146.jpg 183w, https:\/\/www.portalalerta.com.br\/wp-content\/uploads\/2021\/04\/ELAB-50x40.jpg 50w, https:\/\/www.portalalerta.com.br\/wp-content\/uploads\/2021\/04\/ELAB-94x75.jpg 94w\" sizes=\"(max-width: 397px) 100vw, 397px\" \/><\/figure><\/div>\n\n\n<p>Na Volkswagen, o afastamento dos funcion\u00e1rios na f\u00e1brica de Taubat\u00e9 ser\u00e1 inicialmente de 10 dias para cerca de 2 mil trabalhadores. Depois desse per\u00edodo, um novo per\u00edodo de f\u00e9rias coletivas ser\u00e1 adotado para 900 funcion\u00e1rios, que s\u00f3 voltam ao trabalho ap\u00f3s o feriado de Tiradentes.<\/p>\n\n\n\n<p>De acordo com a fabricante, a medida tem como objetivo a manuten\u00e7\u00e3o da linha de produ\u00e7\u00e3o da unidade e ainda a instabilidade na cadeira de fornecimento de componentes,\u00a0como por exemplo os semicondutores.<\/p>\n\n\n\n<p>Na General Motors, a medida atingir\u00e1 tr\u00eas mil funcion\u00e1rios da unidade de S\u00e3o Jos\u00e9 dos Campos (SP) &#8211; cerca de 80% da \u00e1rea de produ\u00e7\u00e3o. O retorno est\u00e1 previso inicialmente para o dia 13 de abril.<\/p>\n\n\n\n<p>A empresa n\u00e3o respondeu aos questionamentos feitos pelo\u00a0<strong>g1<\/strong>, mas o Sindicato dos Metal\u00fargicos da cidade explicou que o objetivo tamb\u00e9m \u00e9 ajuste de estoque por conta da desacelera\u00e7\u00e3o do mercado e queda das vendas.<\/p>\n\n\n\n<p><strong>Alta dos juros<\/strong><\/p>\n\n\n\n<p>A ind\u00fastria automotiva passa por um novo momento de dificuldades, e voltou a anunciar paralisa\u00e7\u00f5es de suas principais f\u00e1bricas no Brasil. Ao contr\u00e1rio dos epis\u00f3dios recentes, contudo, a pandemia de Covid-19 n\u00e3o est\u00e1 no centro das aten\u00e7\u00f5es: o foco, agora, \u00e9 a alta dos juros.<\/p>\n\n\n\n<p>Como mostrou o\u00a0g1, os aumentos da taxa b\u00e1sica de juros, a Selic, feitos pelo Banco Central desde 2021, come\u00e7aram, enfim, a trazer\u00a0consequ\u00eancias mais fortes para a economia. E uma delas \u00e9, justamente, a redu\u00e7\u00e3o do consumo por meio da dificuldade de concess\u00e3o de cr\u00e9dito.<\/p>\n\n\n\n<p>Para analistas que acompanham o setor, o encarecimento do cr\u00e9dito junto com a redu\u00e7\u00e3o do poder de compra da popula\u00e7\u00e3o reduziu o potencial de financiamento e, por consequ\u00eancia, a demanda por carros novos.<\/p>\n\n\n\n<p>Dados da Federa\u00e7\u00e3o Nacional da Distribui\u00e7\u00e3o de Ve\u00edculos Automotores (Fenabrave) mostram que janeiro de 2023 come\u00e7ou lento. Comparado ao m\u00eas anterior, houve queda de 34% nos emplacamentos de autom\u00f3veis, ve\u00edculos comerciais leves, caminh\u00f5es e \u00f4nibus \u2014 ainda que o n\u00famero seja 12% maior que o observado em janeiro de 2022.<\/p>\n\n\n\n<p>Em fevereiro, nova queda: 9% em rela\u00e7\u00e3o a janeiro. Contra o mesmo m\u00eas de 2022, o acumulado tamb\u00e9m passou ao campo negativo: recuo de quase 2%. Considerando apenas autom\u00f3veis, houve redu\u00e7\u00e3o de 7% e 4,2%, respectivamente.<\/p>\n\n\n\n<p><em>Fonte: G1<\/em><\/p>\n","protected":false},"excerpt":{"rendered":"<p>Com mercado em desacelera\u00e7\u00e3o, funcion\u00e1rios das duas f\u00e1bricas em Taubat\u00e9 e S\u00e3o Jos\u00e9 dos Campos ficar\u00e3o afastados temporariamente das atividades.<\/p>\n","protected":false},"author":2,"featured_media":48128,"comment_status":"open","ping_status":"open","sticky":false,"template":"","format":"standard","meta":{"om_disable_all_campaigns":false,"_monsterinsights_skip_tracking":false,"_monsterinsights_sitenote_active":false,"_monsterinsights_sitenote_note":"","_monsterinsights_sitenote_category":0,"footnotes":""},"categories":[34,70,69],"tags":[100,71,48,93,75,4178,4180,129,107,6003,6010,4181,1699,132,230,106,203,120,51,109,88,47,111,5526],"class_list":["post-48127","post","type-post","status-publish","format-standard","has-post-thumbnail","hentry","category-brasil","category-destaques","category-noticias2","tag-adustina","tag-antas","tag-araci","tag-brasil","tag-cicero-dantas","tag-cipo-2","tag-crisopolis-2","tag-euclides-da-cunha","tag-fatima","tag-ferias-coletivas","tag-general-motors","tag-heliopolis-2","tag-industria","tag-itapicuru","tag-jeremoabo","tag-nova-soure","tag-novo-triunfo","tag-olindina","tag-paripiranga","tag-quijingue","tag-ribeira-do-amparo","tag-ribeira-do-pombal","tag-sitio-do-quinto","tag-volkswagen"],"aioseo_notices":[],"_links":{"self":[{"href":"https:\/\/www.portalalerta.com.br\/index.php\/wp-json\/wp\/v2\/posts\/48127","targetHints":{"allow":["GET"]}}],"collection":[{"href":"https:\/\/www.portalalerta.com.br\/index.php\/wp-json\/wp\/v2\/posts"}],"about":[{"href":"https:\/\/www.portalalerta.com.br\/index.php\/wp-json\/wp\/v2\/types\/post"}],"author":[{"embeddable":true,"href":"https:\/\/www.portalalerta.com.br\/index.php\/wp-json\/wp\/v2\/users\/2"}],"replies":[{"embeddable":true,"href":"https:\/\/www.portalalerta.com.br\/index.php\/wp-json\/wp\/v2\/comments?post=48127"}],"version-history":[{"count":1,"href":"https:\/\/www.portalalerta.com.br\/index.php\/wp-json\/wp\/v2\/posts\/48127\/revisions"}],"predecessor-version":[{"id":48129,"href":"https:\/\/www.portalalerta.com.br\/index.php\/wp-json\/wp\/v2\/posts\/48127\/revisions\/48129"}],"wp:featuredmedia":[{"embeddable":true,"href":"https:\/\/www.portalalerta.com.br\/index.php\/wp-json\/wp\/v2\/media\/48128"}],"wp:attachment":[{"href":"https:\/\/www.portalalerta.com.br\/index.php\/wp-json\/wp\/v2\/media?parent=48127"}],"wp:term":[{"taxonomy":"category","embeddable":true,"href":"https:\/\/www.portalalerta.com.br\/index.php\/wp-json\/wp\/v2\/categories?post=48127"},{"taxonomy":"post_tag","embeddable":true,"href":"https:\/\/www.portalalerta.com.br\/index.php\/wp-json\/wp\/v2\/tags?post=48127"}],"curies":[{"name":"wp","href":"https:\/\/api.w.org\/{rel}","templated":true}]}}