{"id":48132,"date":"2023-03-27T18:03:00","date_gmt":"2023-03-27T21:03:00","guid":{"rendered":"https:\/\/www.portalalerta.com.br\/?p=48132"},"modified":"2023-03-27T16:34:25","modified_gmt":"2023-03-27T19:34:25","slug":"aluno-esfaqueia-professores-e-colegas-em-escola-estadual-de-sp","status":"publish","type":"post","link":"https:\/\/www.portalalerta.com.br\/index.php\/2023\/03\/27\/aluno-esfaqueia-professores-e-colegas-em-escola-estadual-de-sp\/","title":{"rendered":"Estudante de 13 anos mata professora a facadas e fere mais 4 em escola de S\u00e3o Paulo"},"content":{"rendered":"\n<p>Um aluno de 13 anos matou a golpes de faca uma professora e feriu mais tr\u00eas docentes e um aluno em uma escola p\u00fablica na cidade de S\u00e3o Paulo, nesta segunda-feira, antes de ser detido pela pol\u00edcia, disse o secret\u00e1rio estadual de Seguran\u00e7a P\u00fablica, Guilherme Derrite.<\/p>\n\n\n\n<!--more-->\n\n\n\n<p><strong><em>&#8220;No primeiro momento, ela (professora) seria socorrida pelo (helic\u00f3ptero) \u00c1guia, da Pol\u00edcia Militar, s\u00f3 que existe um protocolo de que quando a pessoa est\u00e1 em PCR, parada cardiorrespirat\u00f3ria, esse socorro n\u00e3o pode ser realizado via aeronave, ent\u00e3o ela foi socorrida por via terrestre e infelizmente evoluiu para \u00f3bito&#8221;<\/em><\/strong>, disse Derrite a jornalistas em frente \u00e0 escola localizada na Vila S\u00f4nia, bairro da zona oeste paulistana.<\/p>\n\n\n\n<p>De acordo com o secret\u00e1rio, uma terceira professora que tamb\u00e9m foi atingida com gravidade pelo adolescente est\u00e1 em estado est\u00e1vel, enquanto outras duas foram atingidas superficialmente. Al\u00e9m disso, um estudante tamb\u00e9m est\u00e1 estabilizado e um segundo em estado de choque.<\/p>\n\n\n<div class=\"wp-block-image\">\n<figure class=\"alignleft size-full\"><img fetchpriority=\"high\" decoding=\"async\" width=\"400\" height=\"300\" src=\"https:\/\/www.portalalerta.com.br\/wp-content\/uploads\/2023\/01\/Auto-Escola-Sonho.jpg\" alt=\"\" class=\"wp-image-47083\" srcset=\"https:\/\/www.portalalerta.com.br\/wp-content\/uploads\/2023\/01\/Auto-Escola-Sonho.jpg 400w, https:\/\/www.portalalerta.com.br\/wp-content\/uploads\/2023\/01\/Auto-Escola-Sonho-320x240.jpg 320w\" sizes=\"(max-width: 400px) 100vw, 400px\" \/><\/figure><\/div>\n\n\n<p>Derrite disse que o adolescente agressor foi imobilizado por uma professora de Educa\u00e7\u00e3o F\u00edsica que trabalha na escola estadual, o que evitou que o jovem atingisse outras pessoas.<\/p>\n\n\n\n<p><strong><em>&#8220;Foi um ato her\u00f3ico&#8221;<\/em><\/strong>, disse Derrite. <strong><em>&#8220;Foi ela quem imobilizou o agressor, foi ela que fez com que a arma branca, faca, fosse retirada dele. N\u00e3o fosse essa a\u00e7\u00e3o her\u00f3ica dessa professora, certamente essa trag\u00e9dia teria sido muito maior&#8221;<\/em><\/strong>, afirmou o secret\u00e1rio, acrescentando que a professora de Educa\u00e7\u00e3o F\u00edsica est\u00e1 prestando depoimento \u00e0 pol\u00edcia.<\/p>\n\n\n\n<p>Segundo o secret\u00e1rio de Educa\u00e7\u00e3o de S\u00e3o Paulo, Renato Feder, as demais professoras atingidas est\u00e3o fora de risco e os ferimentos no aluno foram de menor gravidade. Ele disse que ser\u00e1 decretado luto oficial de tr\u00eas dias em homenagem \u00e0 professora que morreu, que tinha 71 anos.<\/p>\n\n\n\n<p>O secret\u00e1rio disse ainda que o adolescente, que cursava o 8\u00ba ano na escola, havia voltado a estudar na unidade em 15 de mar\u00e7o ap\u00f3s ser transferido para outra escola anteriormente onde havia tido problemas.<\/p>\n\n\n\n<p><strong><em>&#8220;Ele teve problemas de viol\u00eancia na outra escola&#8221;,<\/em><\/strong> disse Feder em uma entrevista coletiva, que tamb\u00e9m relatou que o estudante teve uma briga com um colega na sexta-feira e que a diretora da escola tinha uma conversa marcada com o aluno na manh\u00e3 desta segunda.<\/p>\n\n\n\n<p>Antes da coletiva, Feder disse que a diretora havia lhe relatado que n\u00e3o havia nada de incomum em rela\u00e7\u00e3o ao aluno.<\/p>\n\n\n\n<p>Derrite disse ainda, na coletiva realizada nesta tarde, que o agressor relatou informalmente aos policiais que primeiro chegaram \u00e0 escola que buscou uma arma de fogo, mas ao n\u00e3o conseguir decidiu usar uma faca no ataque.<\/p>\n\n\n\n<p>O governador de S\u00e3o Paulo, Tarc\u00edsio de Freitas (Republicanos), que est\u00e1 em viagem ao exterior, lamentou o ataque em publica\u00e7\u00e3o em sua conta no Twitter feita antes da informa\u00e7\u00e3o da morte da professora.<\/p>\n\n\n\n<p><strong><em>&#8220;N\u00e3o tenho palavras para expressar a minha tristeza com a not\u00edcia do ataque a alunos e professores da Escola Estadual Thomazia Montoro, na Vila S\u00f4nia. O adolescente de 13 anos j\u00e1 foi apreendido e nossos esfor\u00e7os est\u00e3o concentrados em socorrer os feridos e acolher os familiares&#8221;<\/em><\/strong>, escreveu.<\/p>\n\n\n\n<p><em>Fonte: Yahoo Not\u00edcias<\/em><\/p>\n","protected":false},"excerpt":{"rendered":"<p>Um aluno de 13 anos matou a golpes de faca uma professora e feriu mais tr\u00eas docentes e um aluno em uma escola p\u00fablica na cidade de S\u00e3o Paulo, nesta segunda-feira, antes de ser detido pela pol\u00edcia, disse o secret\u00e1rio estadual de Seguran\u00e7a P\u00fablica, Guilherme Derrite.<\/p>\n","protected":false},"author":2,"featured_media":48133,"comment_status":"open","ping_status":"open","sticky":false,"template":"","format":"standard","meta":{"om_disable_all_campaigns":false,"_monsterinsights_skip_tracking":false,"_monsterinsights_sitenote_active":false,"_monsterinsights_sitenote_note":"","_monsterinsights_sitenote_category":0,"footnotes":""},"categories":[34,70,69,22],"tags":[100,71,48,226,75,4178,4180,1756,129,3450,107,4181,132,230,106,203,120,51,109,88,47,404,111,190],"class_list":["post-48132","post","type-post","status-publish","format-standard","has-post-thumbnail","hentry","category-brasil","category-destaques","category-noticias2","category-seguranca","tag-adustina","tag-antas","tag-araci","tag-ataque","tag-cicero-dantas","tag-cipo-2","tag-crisopolis-2","tag-escola","tag-euclides-da-cunha","tag-facadas","tag-fatima","tag-heliopolis-2","tag-itapicuru","tag-jeremoabo","tag-nova-soure","tag-novo-triunfo","tag-olindina","tag-paripiranga","tag-quijingue","tag-ribeira-do-amparo","tag-ribeira-do-pombal","tag-sao-paulo","tag-sitio-do-quinto","tag-tucano"],"aioseo_notices":[],"_links":{"self":[{"href":"https:\/\/www.portalalerta.com.br\/index.php\/wp-json\/wp\/v2\/posts\/48132","targetHints":{"allow":["GET"]}}],"collection":[{"href":"https:\/\/www.portalalerta.com.br\/index.php\/wp-json\/wp\/v2\/posts"}],"about":[{"href":"https:\/\/www.portalalerta.com.br\/index.php\/wp-json\/wp\/v2\/types\/post"}],"author":[{"embeddable":true,"href":"https:\/\/www.portalalerta.com.br\/index.php\/wp-json\/wp\/v2\/users\/2"}],"replies":[{"embeddable":true,"href":"https:\/\/www.portalalerta.com.br\/index.php\/wp-json\/wp\/v2\/comments?post=48132"}],"version-history":[{"count":2,"href":"https:\/\/www.portalalerta.com.br\/index.php\/wp-json\/wp\/v2\/posts\/48132\/revisions"}],"predecessor-version":[{"id":48137,"href":"https:\/\/www.portalalerta.com.br\/index.php\/wp-json\/wp\/v2\/posts\/48132\/revisions\/48137"}],"wp:featuredmedia":[{"embeddable":true,"href":"https:\/\/www.portalalerta.com.br\/index.php\/wp-json\/wp\/v2\/media\/48133"}],"wp:attachment":[{"href":"https:\/\/www.portalalerta.com.br\/index.php\/wp-json\/wp\/v2\/media?parent=48132"}],"wp:term":[{"taxonomy":"category","embeddable":true,"href":"https:\/\/www.portalalerta.com.br\/index.php\/wp-json\/wp\/v2\/categories?post=48132"},{"taxonomy":"post_tag","embeddable":true,"href":"https:\/\/www.portalalerta.com.br\/index.php\/wp-json\/wp\/v2\/tags?post=48132"}],"curies":[{"name":"wp","href":"https:\/\/api.w.org\/{rel}","templated":true}]}}