{"id":48141,"date":"2023-03-28T10:50:29","date_gmt":"2023-03-28T13:50:29","guid":{"rendered":"https:\/\/www.portalalerta.com.br\/?p=48141"},"modified":"2023-03-28T10:50:30","modified_gmt":"2023-03-28T13:50:30","slug":"atletas-pombalenses-do-esporte-nas-escolas-sao-destaques-em-evento-de-jiu-jitsu-em-paulo-afonso-ba","status":"publish","type":"post","link":"https:\/\/www.portalalerta.com.br\/index.php\/2023\/03\/28\/atletas-pombalenses-do-esporte-nas-escolas-sao-destaques-em-evento-de-jiu-jitsu-em-paulo-afonso-ba\/","title":{"rendered":"Atletas Pombalenses do Esporte nas Escolas s\u00e3o destaques em evento de Jiu-Jitsu em Paulo Afonso-BA"},"content":{"rendered":"\n<p>O \u00faltimo final de semana foi marcante para os atletas do Programa \u201cEsporte nas Escolas\u201d, de Ribeira do Pombal-BA, bem como do Projeto Guetto, que se destacaram na Copa Feras JJ, em Paulo Afonso-BA.<\/p>\n\n\n\n<!--more-->\n\n\n\n<p>Ao todo 15 atletas do CT Chinapom subiram ao p\u00f3dio, sendo doze medalhistas de ouro e tr\u00eas de prata, da seguinte forma:<\/p>\n\n\n<div class=\"wp-block-image\">\n<figure class=\"alignright size-full is-resized\"><img fetchpriority=\"high\" decoding=\"async\" src=\"https:\/\/www.portalalerta.com.br\/wp-content\/uploads\/2021\/04\/ELAB.jpg\" alt=\"\" class=\"wp-image-34795\" width=\"437\" height=\"349\" srcset=\"https:\/\/www.portalalerta.com.br\/wp-content\/uploads\/2021\/04\/ELAB.jpg 1000w, https:\/\/www.portalalerta.com.br\/wp-content\/uploads\/2021\/04\/ELAB-300x240.jpg 300w, https:\/\/www.portalalerta.com.br\/wp-content\/uploads\/2021\/04\/ELAB-768x614.jpg 768w, https:\/\/www.portalalerta.com.br\/wp-content\/uploads\/2021\/04\/ELAB-183x146.jpg 183w, https:\/\/www.portalalerta.com.br\/wp-content\/uploads\/2021\/04\/ELAB-50x40.jpg 50w, https:\/\/www.portalalerta.com.br\/wp-content\/uploads\/2021\/04\/ELAB-94x75.jpg 94w\" sizes=\"(max-width: 437px) 100vw, 437px\" \/><\/figure><\/div>\n\n\n<p>1 &#8211; Luiz Carlos Santos Filho (medalha de ouro)<br>2- Maria Gabriela Novaes de Oliveira (Medalha de ouro)<br>3- Jos\u00e9 Davi Santos do Nascimento \u2013 Escola Assembleia de Deus (Medalha de ouro)<br>4- Ryan Alexander Santos Nascimento \u2013 Escola Rui Barbosa (Medalha de ouro)<br>5- Mizael Dias Cruz \u2013 CEB (medalha de ouro)<br>6- Thiago Amaral (Medalha de Prata)<br>7- B\u00e1rbara Victoria &nbsp;&#8211; CPM (Medalha de Ouro)<br>8- Val\u00e9ria Silva (Medalha de Ouro)<br>9- Jos\u00e9 Lailson Silva Pereira (Medalha de Ouro)<br>10- Solon Siqueira (Medalha de Prata)<br>11- Eithor Samuel \u2013 Escala Maria Menezes (Medalha de Ouro)<br>12- Guilherme \u2013 Escola Maria Menezes (Medalha de Ouro)<br>13- Carlos Souza (Medalha de Ouro + cintur\u00e3o)<br>14-Lara Victoria \u2013 Escola Maria Menezes (Medalha de Ouro)<br>15- Bianca Lima Bittencout \u2013 CEB (Medalha de Prata<br><br><br><strong>Resultado por equipe<br><\/strong>1 &#8211; Atos Jiu Jitsu &#8211; 238<br>2 &#8211; ZR Team &#8211; 144<br>3 &#8211; Nova Uni\u00e3o &#8211; 127<br>4 &#8211; Luiz Paulo JJ &#8211; 91<br>5 &#8211; Icon JJ &#8211; 52<br><br><em>Reda\u00e7\u00e3o: Portal Alerta<\/em><\/p>\n","protected":false},"excerpt":{"rendered":"<p>O \u00faltimo final de semana foi marcante para os atletas do Programa \u201cEsporte nas Escolas\u201d, de Ribeira do Pombal-BA, bem como do Projeto Guetto, que se destacaram na Copa Feras JJ, em Paulo Afonso-BA.<\/p>\n","protected":false},"author":2,"featured_media":48142,"comment_status":"open","ping_status":"open","sticky":false,"template":"","format":"standard","meta":{"om_disable_all_campaigns":false,"_monsterinsights_skip_tracking":false,"_monsterinsights_sitenote_active":false,"_monsterinsights_sitenote_note":"","_monsterinsights_sitenote_category":0,"footnotes":""},"categories":[33,70,20,2,69,32,3],"tags":[100,71,48,54,75,4178,4180,96,129,107,4181,132,230,1221,106,203,120,51,118,109,88,47,111,190],"class_list":["post-48141","post","type-post","status-publish","format-standard","has-post-thumbnail","hentry","category-bahia","category-destaques","category-educacao","category-esportes","category-noticias2","category-regiao","category-ribeira-do-pombal","tag-adustina","tag-antas","tag-araci","tag-bahia","tag-cicero-dantas","tag-cipo-2","tag-crisopolis-2","tag-esporte","tag-euclides-da-cunha","tag-fatima","tag-heliopolis-2","tag-itapicuru","tag-jeremoabo","tag-jiu-jitsu","tag-nova-soure","tag-novo-triunfo","tag-olindina","tag-paripiranga","tag-paulo-afonso","tag-quijingue","tag-ribeira-do-amparo","tag-ribeira-do-pombal","tag-sitio-do-quinto","tag-tucano"],"aioseo_notices":[],"_links":{"self":[{"href":"https:\/\/www.portalalerta.com.br\/index.php\/wp-json\/wp\/v2\/posts\/48141","targetHints":{"allow":["GET"]}}],"collection":[{"href":"https:\/\/www.portalalerta.com.br\/index.php\/wp-json\/wp\/v2\/posts"}],"about":[{"href":"https:\/\/www.portalalerta.com.br\/index.php\/wp-json\/wp\/v2\/types\/post"}],"author":[{"embeddable":true,"href":"https:\/\/www.portalalerta.com.br\/index.php\/wp-json\/wp\/v2\/users\/2"}],"replies":[{"embeddable":true,"href":"https:\/\/www.portalalerta.com.br\/index.php\/wp-json\/wp\/v2\/comments?post=48141"}],"version-history":[{"count":1,"href":"https:\/\/www.portalalerta.com.br\/index.php\/wp-json\/wp\/v2\/posts\/48141\/revisions"}],"predecessor-version":[{"id":48143,"href":"https:\/\/www.portalalerta.com.br\/index.php\/wp-json\/wp\/v2\/posts\/48141\/revisions\/48143"}],"wp:featuredmedia":[{"embeddable":true,"href":"https:\/\/www.portalalerta.com.br\/index.php\/wp-json\/wp\/v2\/media\/48142"}],"wp:attachment":[{"href":"https:\/\/www.portalalerta.com.br\/index.php\/wp-json\/wp\/v2\/media?parent=48141"}],"wp:term":[{"taxonomy":"category","embeddable":true,"href":"https:\/\/www.portalalerta.com.br\/index.php\/wp-json\/wp\/v2\/categories?post=48141"},{"taxonomy":"post_tag","embeddable":true,"href":"https:\/\/www.portalalerta.com.br\/index.php\/wp-json\/wp\/v2\/tags?post=48141"}],"curies":[{"name":"wp","href":"https:\/\/api.w.org\/{rel}","templated":true}]}}