{"id":48189,"date":"2023-03-30T10:26:34","date_gmt":"2023-03-30T13:26:34","guid":{"rendered":"https:\/\/www.portalalerta.com.br\/?p=48189"},"modified":"2023-03-30T10:26:38","modified_gmt":"2023-03-30T13:26:38","slug":"idoso-de-80-anos-e-preso-acusado-de-violentar-diarista-em-antas-ba","status":"publish","type":"post","link":"https:\/\/www.portalalerta.com.br\/index.php\/2023\/03\/30\/idoso-de-80-anos-e-preso-acusado-de-violentar-diarista-em-antas-ba\/","title":{"rendered":"Idoso de 80 anos \u00e9 preso acusado de violentar diarista em Antas-BA"},"content":{"rendered":"\n<p>Por volta das 18h da \u00faltima quarta-feira (29), uma mulher deu entrada na Emerg\u00eancia do Hospital Santa Maria, em Antas-BA, gravemente ferida.<\/p>\n\n\n\n<!--more-->\n\n\n\n<p>A mulher de 53 anos de idade, cuja identidade foi mantida em sigilo, deu entrada na Unidade com ferimentos causados por agress\u00f5es f\u00edsicas, inclusive apresentando sangramento na genit\u00e1lia. De acordo com informa\u00e7\u00f5es, a mulher foi encontrada desacordada e despida, no interior da casa do idoso identificado pelas iniciais J do N, 80 anos, onde estaria trabalhando como diarista.<\/p>\n\n\n<div class=\"wp-block-image\">\n<figure class=\"aligncenter size-full\"><img decoding=\"async\" src=\"https:\/\/www.portalalerta.com.br\/wp-content\/uploads\/2023\/03\/Real-Juro-Zero-2023-1.jpg\" alt=\"\" class=\"wp-image-48070\"\/><\/figure><\/div>\n\n\n<p>Segundo relatos, o idoso teria telefonado para a irm\u00e3 da v\u00edtima, afirmando que teve uma discuss\u00e3o com a mesma, e que ap\u00f3s troca de agress\u00e3o, a mulher estava desacordada. Diante dos fatos, a irm\u00e3 foi at\u00e9 o local, onde encontrou a v\u00edtima, sem roupas e com os ferimentos relatados.<\/p>\n\n\n\n<p>O caso foi informado aos policiais da cidade, que foram at\u00e9 a resid\u00eancia do autor, onde inicialmente o mesmo n\u00e3o foi encontrado. J\u00e1 por volta das 20h30, os policiais foram informados que o autor estaria imobilizado por populares, nas proximidades do antigo Terminal Rodovi\u00e1rio da cidade, onde sofreu agress\u00f5es.<\/p>\n\n\n\n<p>Os policiais foram at\u00e9 o local, onde constataram a veracidade da informa\u00e7\u00e3o, dando prosseguimento na pris\u00e3o do autor, que foi conduzido na sequ\u00eancia para a Delegacia de Pol\u00edcia Civil.<\/p>\n\n\n\n<p>Quanto \u00e0 v\u00edtima, por conta das graves les\u00f5es sofridas, principalmente na regi\u00e3o da face, foi transferida para o Hospital Geral Santa Tereza em Ribeira do Pombal-BA, onde n\u00e3o teve o seu quadro cl\u00ednico divulgado.<\/p>\n\n\n\n<p><em>Reda\u00e7\u00e3o: Portal Alerta<\/em><\/p>\n","protected":false},"excerpt":{"rendered":"<p>Por volta das 18h da \u00faltima quarta-feira (29), uma mulher deu entrada na Emerg\u00eancia do Hospital Santa Maria, em Antas-BA, gravemente ferida.<\/p>\n","protected":false},"author":2,"featured_media":3047,"comment_status":"open","ping_status":"open","sticky":false,"template":"","format":"standard","meta":{"om_disable_all_campaigns":false,"_monsterinsights_skip_tracking":false,"_monsterinsights_sitenote_active":false,"_monsterinsights_sitenote_note":"","_monsterinsights_sitenote_category":0,"footnotes":""},"categories":[5,70,69,32,22],"tags":[100,73,71,48,75,4178,4180,6013,56,129,107,90,4181,355,132,230,106,203,120,51,77,109,88,47,111,190],"class_list":["post-48189","post","type-post","status-publish","format-standard","has-post-thumbnail","hentry","category-antas","category-destaques","category-noticias2","category-regiao","category-seguranca","tag-adustina","tag-agressao","tag-antas","tag-araci","tag-cicero-dantas","tag-cipo-2","tag-crisopolis-2","tag-diarista","tag-estupro","tag-euclides-da-cunha","tag-fatima","tag-ferida","tag-heliopolis-2","tag-idoso","tag-itapicuru","tag-jeremoabo","tag-nova-soure","tag-novo-triunfo","tag-olindina","tag-paripiranga","tag-preso","tag-quijingue","tag-ribeira-do-amparo","tag-ribeira-do-pombal","tag-sitio-do-quinto","tag-tucano"],"aioseo_notices":[],"_links":{"self":[{"href":"https:\/\/www.portalalerta.com.br\/index.php\/wp-json\/wp\/v2\/posts\/48189","targetHints":{"allow":["GET"]}}],"collection":[{"href":"https:\/\/www.portalalerta.com.br\/index.php\/wp-json\/wp\/v2\/posts"}],"about":[{"href":"https:\/\/www.portalalerta.com.br\/index.php\/wp-json\/wp\/v2\/types\/post"}],"author":[{"embeddable":true,"href":"https:\/\/www.portalalerta.com.br\/index.php\/wp-json\/wp\/v2\/users\/2"}],"replies":[{"embeddable":true,"href":"https:\/\/www.portalalerta.com.br\/index.php\/wp-json\/wp\/v2\/comments?post=48189"}],"version-history":[{"count":1,"href":"https:\/\/www.portalalerta.com.br\/index.php\/wp-json\/wp\/v2\/posts\/48189\/revisions"}],"predecessor-version":[{"id":48190,"href":"https:\/\/www.portalalerta.com.br\/index.php\/wp-json\/wp\/v2\/posts\/48189\/revisions\/48190"}],"wp:featuredmedia":[{"embeddable":true,"href":"https:\/\/www.portalalerta.com.br\/index.php\/wp-json\/wp\/v2\/media\/3047"}],"wp:attachment":[{"href":"https:\/\/www.portalalerta.com.br\/index.php\/wp-json\/wp\/v2\/media?parent=48189"}],"wp:term":[{"taxonomy":"category","embeddable":true,"href":"https:\/\/www.portalalerta.com.br\/index.php\/wp-json\/wp\/v2\/categories?post=48189"},{"taxonomy":"post_tag","embeddable":true,"href":"https:\/\/www.portalalerta.com.br\/index.php\/wp-json\/wp\/v2\/tags?post=48189"}],"curies":[{"name":"wp","href":"https:\/\/api.w.org\/{rel}","templated":true}]}}