{"id":48201,"date":"2023-03-31T07:00:00","date_gmt":"2023-03-31T10:00:00","guid":{"rendered":"https:\/\/www.portalalerta.com.br\/?p=48201"},"modified":"2023-03-31T01:21:29","modified_gmt":"2023-03-31T04:21:29","slug":"pf-investiga-jair-bolsonaro-e-mauro-cid-por-envolvimento-em-caso-de-joias-sauditas","status":"publish","type":"post","link":"https:\/\/www.portalalerta.com.br\/index.php\/2023\/03\/31\/pf-investiga-jair-bolsonaro-e-mauro-cid-por-envolvimento-em-caso-de-joias-sauditas\/","title":{"rendered":"PF investiga Jair Bolsonaro e Mauro Cid por envolvimento em caso de joias sauditas"},"content":{"rendered":"\n<p>O caso das joias sauditas avaliadas em R$ 16,5 milh\u00f5es ganha novos contornos com a intima\u00e7\u00e3o do ex-presidente da Rep\u00fablica\u00a0Jair Bolsonaro\u00a0(PL) e seu antigo ajudante de ordens, o tenente-coronel Mauro Cid, pela Pol\u00edcia Federal (PF). Ambos est\u00e3o marcados para prestar depoimento no dia 5 de abril, \u00e0s 14h30. Al\u00e9m deles, Marcelo C\u00e2mara, seguran\u00e7a do ex-presidente, tamb\u00e9m foi intimado para esclarecer seu envolvimento no caso.<\/p>\n\n\n\n<!--more-->\n\n\n\n<p>Em um cen\u00e1rio que envolve diferentes perspectivas, \u00e9 importante analisar a posi\u00e7\u00e3o dos envolvidos e a poss\u00edvel motiva\u00e7\u00e3o por tr\u00e1s da solicita\u00e7\u00e3o de libera\u00e7\u00e3o das joias apreendidas. O caso come\u00e7ou em 2021 quando dois pacotes de joias foram trazidos ao Brasil, sendo um deles apreendido pela Receita Federal no Aeroporto de Guarulhos, em S\u00e3o Paulo. O segundo pacote estava em posse de Bolsonaro e foi entregue por sua defesa, ap\u00f3s determina\u00e7\u00e3o do Tribunal de\u00a0Contas da Uni\u00e3o (TCU).<\/p>\n\n\n<div class=\"wp-block-image\">\n<figure class=\"alignleft size-full is-resized\"><img fetchpriority=\"high\" decoding=\"async\" src=\"https:\/\/www.portalalerta.com.br\/wp-content\/uploads\/2021\/04\/ELAB.jpg\" alt=\"\" class=\"wp-image-34795\" width=\"402\" height=\"321\" srcset=\"https:\/\/www.portalalerta.com.br\/wp-content\/uploads\/2021\/04\/ELAB.jpg 1000w, https:\/\/www.portalalerta.com.br\/wp-content\/uploads\/2021\/04\/ELAB-300x240.jpg 300w, https:\/\/www.portalalerta.com.br\/wp-content\/uploads\/2021\/04\/ELAB-768x614.jpg 768w, https:\/\/www.portalalerta.com.br\/wp-content\/uploads\/2021\/04\/ELAB-183x146.jpg 183w, https:\/\/www.portalalerta.com.br\/wp-content\/uploads\/2021\/04\/ELAB-50x40.jpg 50w, https:\/\/www.portalalerta.com.br\/wp-content\/uploads\/2021\/04\/ELAB-94x75.jpg 94w\" sizes=\"(max-width: 402px) 100vw, 402px\" \/><\/figure><\/div>\n\n\n<p>A situa\u00e7\u00e3o ganhou destaque quando o tenente-coronel Mauro Cid enviou um of\u00edcio, em nome do Gabinete Pessoal do Presidente da Rep\u00fablica, para o ent\u00e3o chefe da Receita Federal no dia 28 de dezembro de 2022. No documento, Cid solicitava a libera\u00e7\u00e3o das joias apreendidas com a comitiva do ex-ministro de Minas e Energia, Bento Albuquerque. Segundo o of\u00edcio, os presentes seriam incorporados ao Gabinete, como parte dos bens da Uni\u00e3o.<\/p>\n\n\n\n<p>Neste contexto, \u00e9 fundamental explorar diferentes perspectivas e questionar as inten\u00e7\u00f5es dos envolvidos. De um lado, h\u00e1 quem defenda que o pedido de libera\u00e7\u00e3o das joias seja apenas um procedimento padr\u00e3o para a incorpora\u00e7\u00e3o de bens recebidos durante visitas oficiais. Entretanto, cr\u00edticos argumentam que a a\u00e7\u00e3o pode representar um conflito de interesses e at\u00e9 mesmo favorecimento ilegal, uma vez que as joias possuem alto valor e foram trazidas ao Brasil sem a devida declara\u00e7\u00e3o.<\/p>\n\n\n\n<p>Outro aspecto relevante \u00e9 a postura adotada pelos \u00f3rg\u00e3os de controle e fiscaliza\u00e7\u00e3o diante da situa\u00e7\u00e3o. A Receita Federal atuou na reten\u00e7\u00e3o das joias, enquanto o Tribunal de Contas da Uni\u00e3o determinou a entrega do segundo pacote que estava em posse de Bolsonaro. Essas a\u00e7\u00f5es demonstram a busca por transpar\u00eancia e o cumprimento das leis no pa\u00eds.<\/p>\n\n\n\n<p>\u00c0 medida que a investiga\u00e7\u00e3o da Pol\u00edcia Federal avan\u00e7a, \u00e9 crucial entender o papel de cada um dos intimados no caso. A expectativa \u00e9 que os depoimentos do ex-presidente Bolsonaro, do tenente-coronel Mauro Cid e de Marcelo C\u00e2mara, seguran\u00e7a do ex-presidente, possam esclarecer detalhes sobre a origem das joias e os motivos pelos quais elas foram trazidas ao Brasil.<\/p>\n\n\n\n<p><em>Fonte: Chico Sabe Tudo<\/em><\/p>\n","protected":false},"excerpt":{"rendered":"<p>O caso das joias sauditas avaliadas em R$ 16,5 milh\u00f5es ganha novos contornos com a intima\u00e7\u00e3o do ex-presidente da Rep\u00fablica\u00a0Jair Bolsonaro\u00a0(PL) e seu antigo ajudante de ordens, o tenente-coronel Mauro Cid, pela Pol\u00edcia Federal (PF). Ambos est\u00e3o marcados para prestar depoimento no dia 5 de abril, \u00e0s 14h30. Al\u00e9m deles, Marcelo C\u00e2mara, seguran\u00e7a do ex-presidente, &hellip;<\/p>\n","protected":false},"author":2,"featured_media":48202,"comment_status":"open","ping_status":"open","sticky":false,"template":"","format":"standard","meta":{"om_disable_all_campaigns":false,"_monsterinsights_skip_tracking":false,"_monsterinsights_sitenote_active":false,"_monsterinsights_sitenote_note":"","_monsterinsights_sitenote_category":0,"footnotes":""},"categories":[34,70,69,21],"tags":[100,71,48,93,75,4178,4180,129,107,4181,132,1395,230,5980,6016,106,203,120,51,173,109,88,47,111,190],"class_list":["post-48201","post","type-post","status-publish","format-standard","has-post-thumbnail","hentry","category-brasil","category-destaques","category-noticias2","category-politica","tag-adustina","tag-antas","tag-araci","tag-brasil","tag-cicero-dantas","tag-cipo-2","tag-crisopolis-2","tag-euclides-da-cunha","tag-fatima","tag-heliopolis-2","tag-itapicuru","tag-jair-bolsonaro","tag-jeremoabo","tag-joias","tag-mauro-cid","tag-nova-soure","tag-novo-triunfo","tag-olindina","tag-paripiranga","tag-policia-federal","tag-quijingue","tag-ribeira-do-amparo","tag-ribeira-do-pombal","tag-sitio-do-quinto","tag-tucano"],"aioseo_notices":[],"_links":{"self":[{"href":"https:\/\/www.portalalerta.com.br\/index.php\/wp-json\/wp\/v2\/posts\/48201","targetHints":{"allow":["GET"]}}],"collection":[{"href":"https:\/\/www.portalalerta.com.br\/index.php\/wp-json\/wp\/v2\/posts"}],"about":[{"href":"https:\/\/www.portalalerta.com.br\/index.php\/wp-json\/wp\/v2\/types\/post"}],"author":[{"embeddable":true,"href":"https:\/\/www.portalalerta.com.br\/index.php\/wp-json\/wp\/v2\/users\/2"}],"replies":[{"embeddable":true,"href":"https:\/\/www.portalalerta.com.br\/index.php\/wp-json\/wp\/v2\/comments?post=48201"}],"version-history":[{"count":1,"href":"https:\/\/www.portalalerta.com.br\/index.php\/wp-json\/wp\/v2\/posts\/48201\/revisions"}],"predecessor-version":[{"id":48203,"href":"https:\/\/www.portalalerta.com.br\/index.php\/wp-json\/wp\/v2\/posts\/48201\/revisions\/48203"}],"wp:featuredmedia":[{"embeddable":true,"href":"https:\/\/www.portalalerta.com.br\/index.php\/wp-json\/wp\/v2\/media\/48202"}],"wp:attachment":[{"href":"https:\/\/www.portalalerta.com.br\/index.php\/wp-json\/wp\/v2\/media?parent=48201"}],"wp:term":[{"taxonomy":"category","embeddable":true,"href":"https:\/\/www.portalalerta.com.br\/index.php\/wp-json\/wp\/v2\/categories?post=48201"},{"taxonomy":"post_tag","embeddable":true,"href":"https:\/\/www.portalalerta.com.br\/index.php\/wp-json\/wp\/v2\/tags?post=48201"}],"curies":[{"name":"wp","href":"https:\/\/api.w.org\/{rel}","templated":true}]}}