{"id":48208,"date":"2023-03-31T07:02:00","date_gmt":"2023-03-31T10:02:00","guid":{"rendered":"https:\/\/www.portalalerta.com.br\/?p=48208"},"modified":"2023-03-31T01:36:54","modified_gmt":"2023-03-31T04:36:54","slug":"stf-tem-maioria-para-acabar-com-prisao-especial-a-quem-tem-diploma-de-nivel-superior","status":"publish","type":"post","link":"https:\/\/www.portalalerta.com.br\/index.php\/2023\/03\/31\/stf-tem-maioria-para-acabar-com-prisao-especial-a-quem-tem-diploma-de-nivel-superior\/","title":{"rendered":"STF tem maioria para acabar com pris\u00e3o especial a quem tem diploma de n\u00edvel superior"},"content":{"rendered":"\n<p><strong>O trecho da norma que prev\u00ea pris\u00e3o provis\u00f3ria diferenciada ser\u00e1 declarado inconstitucional; o julgamento termina nesta sexta-feira<\/strong><\/p>\n\n\n\n<!--more-->\n\n\n\n<p>O\u00a0Supremo Tribunal Federal (STF)\u00a0formou maioria nesta quinta-feira (30) para declarar a inconstitucionalidade da pris\u00e3o especial a pessoas com diploma de ensino superior. De acordo com a maior parte dos ministros da Corte, a medida \u00e9 discriminat\u00f3ria e n\u00e3o h\u00e1 justificativa para que pessoas submetidas \u00e0 pris\u00e3o recebam tratamento diferenciado com base no grau de instru\u00e7\u00e3o acad\u00eamica.<\/p>\n\n\n\n<p>Segundo o Supremo, pessoas com diploma de curso superior s\u00f3 poder\u00e3o ter direito a pris\u00e3o especial caso seja constatado algum tipo de amea\u00e7a \u00e0 integridade f\u00edsica, moral ou psicol\u00f3gica delas pela conviv\u00eancia com os demais presos. Essa regra est\u00e1 prevista na Lei de Execu\u00e7\u00e3o Penal e independe do n\u00edvel de instru\u00e7\u00e3o do preso.<\/p>\n\n\n<div class=\"wp-block-image\">\n<figure class=\"alignleft size-full\"><img fetchpriority=\"high\" decoding=\"async\" width=\"400\" height=\"300\" src=\"https:\/\/www.portalalerta.com.br\/wp-content\/uploads\/2023\/01\/Auto-Escola-Sonho.jpg\" alt=\"\" class=\"wp-image-47083\" srcset=\"https:\/\/www.portalalerta.com.br\/wp-content\/uploads\/2023\/01\/Auto-Escola-Sonho.jpg 400w, https:\/\/www.portalalerta.com.br\/wp-content\/uploads\/2023\/01\/Auto-Escola-Sonho-320x240.jpg 320w\" sizes=\"(max-width: 400px) 100vw, 400px\" \/><\/figure><\/div>\n\n\n<p>O caso passou a ser analisado pelo STF em 2015, quando a Procuradoria-Geral da Rep\u00fablica (PGR) apresentou uma a\u00e7\u00e3o para derrubar a validade da norma. A regra estava prevista no C\u00f3digo Penal e era aplicada quando uma pessoa com diploma de curso superior precisava ficar presa de forma provis\u00f3ria at\u00e9 que recebesse a condena\u00e7\u00e3o definitiva da Justi\u00e7a.<\/p>\n\n\n\n<p>O ministro Alexandre de Moraes relatou a a\u00e7\u00e3o. Segundo ele, &#8220;a separa\u00e7\u00e3o de presos provis\u00f3rios por n\u00edvel de instru\u00e7\u00e3o contribui para a perpetua\u00e7\u00e3o de uma inaceit\u00e1vel seletividade socioecon\u00f4mica do sistema de Justi\u00e7a criminal e do direito penal, tratando-se de regra incompat\u00edvel com o princ\u00edpio da igualdade e com o pr\u00f3prio Estado Democr\u00e1tico de Direito&#8221;.<\/p>\n\n\n\n<p><strong><em>&#8220;A precariedade do sistema prisional brasileiro n\u00e3o legitima a concess\u00e3o a pessoas com melhor instru\u00e7\u00e3o formal da possibilidade de serem encarceradas em acomoda\u00e7\u00f5es distintas e, presumivelmente, melhores. Afinal, os direitos que a Constitui\u00e7\u00e3o confere ao cidad\u00e3o preso devem ser assegurados a todos indistintamente, n\u00e3o sendo poss\u00edvel considerar, absolutamente, qualquer justificativa id\u00f4nea que preferencie o bacharel em detrimento das demais pessoas submetidas \u00e0 restri\u00e7\u00e3o cautelar de liberdade&#8221;,<\/em><\/strong> afirmou o ministro.<\/p>\n\n\n\n<p><strong><em>&#8220;N\u00e3o me parece existir qualquer justificativa razo\u00e1vel, \u00e0 luz da Constitui\u00e7\u00e3o da Rep\u00fablica, que seja apta a respaldar a distin\u00e7\u00e3o de tratamento a pessoas submetidas \u00e0 pris\u00e3o cautelar, pelo Estado, com apoio no grau de instru\u00e7\u00e3o acad\u00eamica, tratando-se de mera qualifica\u00e7\u00e3o de ordem estritamente pessoal que, por si s\u00f3, n\u00e3o imp\u00f5e a segrega\u00e7\u00e3o do conv\u00edvio com os demais reclusos&#8221;<\/em><\/strong>, acrescentou Moraes.<\/p>\n\n\n\n<p>J\u00e1 seguiram o entendimento dele os ministros Edson Fachin, Dias Toffoli, C\u00e1rmen L\u00facia, Rosa Weber e Lu\u00eds Roberto Barroso. O julgamento termina nesta sexta-feira (31).<\/p>\n\n\n\n<p>No voto dele, Fachin disse que <strong><em>&#8220;a separa\u00e7\u00e3o pelo grau de instru\u00e7\u00e3o parece contribuir para uma maior seletividade do sistema de justi\u00e7a criminal, que, mais facilmente, pune pessoas com menor grau de escolaridade, em viola\u00e7\u00e3o ao princ\u00edpio da igualdade&#8221;.<\/em><\/strong><\/p>\n\n\n\n<p><strong><em>&#8220;Ao analisar a norma, n\u00e3o verifico correla\u00e7\u00e3o l\u00f3gica entre grau de escolaridade e separa\u00e7\u00e3o de presos. N\u00e3o h\u00e1 nada que informe que presos com grau de instru\u00e7\u00e3o menor s\u00e3o mais perigosos ou violentos que presos com grau de escolaridade maior ou vice-versa. Nada que diga que inserir no mesmo ambiente presos com graus distintos de escolaridade causar\u00e1, por si s\u00f3, maior risco \u00e0 integridade f\u00edsica ou ps\u00edquica desses&#8221;<\/em><\/strong>, afirmou o ministro.<\/p>\n\n\n\n<p>Toffoli acrescentou que <strong><em>&#8220;a mera forma\u00e7\u00e3o no ensino superior, a priori e em tese, n\u00e3o agrega qualquer risco \u00e0 pessoa privada de liberdade&#8221;<\/em><\/strong>. Al\u00e9m disso, o ministro avaliou que o benef\u00edcio fere os princ\u00edpios da isonomia e da dignidade da pessoa humana.<\/p>\n\n\n\n<p><strong><em>&#8220;Ao propiciar a cria\u00e7\u00e3o de \u2018classes ou categorias\u2019 de presos provis\u00f3rios, independentemente de raz\u00f5es razo\u00e1veis que o justifiquem, esse benef\u00edcio apenas transp\u00f5e para o sistema carcer\u00e1rio a mesma e intoler\u00e1vel divis\u00e3o social desigual, injusta, discriminat\u00f3ria e aristocrata ainda hoje existente no seio da sociedade brasileira, contrariando valores consagrados pela Constitui\u00e7\u00e3o.&#8221;<\/em><\/strong><\/p>\n\n\n\n<p><em>Fonte: R7<\/em><\/p>\n","protected":false},"excerpt":{"rendered":"<p>O trecho da norma que prev\u00ea pris\u00e3o provis\u00f3ria diferenciada ser\u00e1 declarado inconstitucional; o julgamento termina nesta sexta-feira<\/p>\n","protected":false},"author":2,"featured_media":5836,"comment_status":"open","ping_status":"open","sticky":false,"template":"","format":"standard","meta":{"om_disable_all_campaigns":false,"_monsterinsights_skip_tracking":false,"_monsterinsights_sitenote_active":false,"_monsterinsights_sitenote_note":"","_monsterinsights_sitenote_category":0,"footnotes":""},"categories":[34,70,69,22],"tags":[100,71,48,93,75,4178,4180,129,107,4181,132,230,6017,106,203,120,51,174,109,88,47,111,216,190],"class_list":["post-48208","post","type-post","status-publish","format-standard","has-post-thumbnail","hentry","category-brasil","category-destaques","category-noticias2","category-seguranca","tag-adustina","tag-antas","tag-araci","tag-brasil","tag-cicero-dantas","tag-cipo-2","tag-crisopolis-2","tag-euclides-da-cunha","tag-fatima","tag-heliopolis-2","tag-itapicuru","tag-jeremoabo","tag-nivel-superior","tag-nova-soure","tag-novo-triunfo","tag-olindina","tag-paripiranga","tag-prisao","tag-quijingue","tag-ribeira-do-amparo","tag-ribeira-do-pombal","tag-sitio-do-quinto","tag-stf","tag-tucano"],"aioseo_notices":[],"_links":{"self":[{"href":"https:\/\/www.portalalerta.com.br\/index.php\/wp-json\/wp\/v2\/posts\/48208","targetHints":{"allow":["GET"]}}],"collection":[{"href":"https:\/\/www.portalalerta.com.br\/index.php\/wp-json\/wp\/v2\/posts"}],"about":[{"href":"https:\/\/www.portalalerta.com.br\/index.php\/wp-json\/wp\/v2\/types\/post"}],"author":[{"embeddable":true,"href":"https:\/\/www.portalalerta.com.br\/index.php\/wp-json\/wp\/v2\/users\/2"}],"replies":[{"embeddable":true,"href":"https:\/\/www.portalalerta.com.br\/index.php\/wp-json\/wp\/v2\/comments?post=48208"}],"version-history":[{"count":1,"href":"https:\/\/www.portalalerta.com.br\/index.php\/wp-json\/wp\/v2\/posts\/48208\/revisions"}],"predecessor-version":[{"id":48209,"href":"https:\/\/www.portalalerta.com.br\/index.php\/wp-json\/wp\/v2\/posts\/48208\/revisions\/48209"}],"wp:featuredmedia":[{"embeddable":true,"href":"https:\/\/www.portalalerta.com.br\/index.php\/wp-json\/wp\/v2\/media\/5836"}],"wp:attachment":[{"href":"https:\/\/www.portalalerta.com.br\/index.php\/wp-json\/wp\/v2\/media?parent=48208"}],"wp:term":[{"taxonomy":"category","embeddable":true,"href":"https:\/\/www.portalalerta.com.br\/index.php\/wp-json\/wp\/v2\/categories?post=48208"},{"taxonomy":"post_tag","embeddable":true,"href":"https:\/\/www.portalalerta.com.br\/index.php\/wp-json\/wp\/v2\/tags?post=48208"}],"curies":[{"name":"wp","href":"https:\/\/api.w.org\/{rel}","templated":true}]}}