{"id":48220,"date":"2023-04-02T20:34:44","date_gmt":"2023-04-02T23:34:44","guid":{"rendered":"https:\/\/www.portalalerta.com.br\/?p=48220"},"modified":"2023-04-02T20:34:45","modified_gmt":"2023-04-02T23:34:45","slug":"gol-anuncia-suspensao-temporaria-de-voos-no-aeroporto-de-paulo-afonso","status":"publish","type":"post","link":"https:\/\/www.portalalerta.com.br\/index.php\/2023\/04\/02\/gol-anuncia-suspensao-temporaria-de-voos-no-aeroporto-de-paulo-afonso\/","title":{"rendered":"GOL anuncia suspens\u00e3o tempor\u00e1ria de voos no Aeroporto de Paulo Afonso"},"content":{"rendered":"\n<p>Menos de cinco meses ap\u00f3s o voo inaugural entre Salvador e Paulo Afonso ocorrido no dia 17 de novembro de 2022, a GOL anuncia a suspen\u00e7\u00e3o \u201ctempor\u00e1ria\u201d da rota<\/p>\n\n\n\n<!--more-->\n\n\n\n<p>Aeronave da VoePass\/Gol no aeroporto de Paulo Afonso. Foto: Washington Lu\u00eds<\/p>\n\n\n\n<p>O primeiro s\u00e1bado do m\u00eas de abril sepultou a esperan\u00e7a de continua\u00e7\u00e3o do voo entre os aeroportos de Salvador e Paulo Afonso. Apesar da data ser conhecida como. \u201cO Dia da Mentira\u201d, a not\u00edcia, infelizmente \u00e9 verdadeira.<\/p>\n\n\n<div class=\"wp-block-image\">\n<figure class=\"alignleft size-full is-resized\"><img fetchpriority=\"high\" decoding=\"async\" src=\"https:\/\/www.portalalerta.com.br\/wp-content\/uploads\/2021\/04\/ELAB.jpg\" alt=\"\" class=\"wp-image-34795\" width=\"416\" height=\"332\" srcset=\"https:\/\/www.portalalerta.com.br\/wp-content\/uploads\/2021\/04\/ELAB.jpg 1000w, https:\/\/www.portalalerta.com.br\/wp-content\/uploads\/2021\/04\/ELAB-300x240.jpg 300w, https:\/\/www.portalalerta.com.br\/wp-content\/uploads\/2021\/04\/ELAB-768x614.jpg 768w, https:\/\/www.portalalerta.com.br\/wp-content\/uploads\/2021\/04\/ELAB-183x146.jpg 183w, https:\/\/www.portalalerta.com.br\/wp-content\/uploads\/2021\/04\/ELAB-50x40.jpg 50w, https:\/\/www.portalalerta.com.br\/wp-content\/uploads\/2021\/04\/ELAB-94x75.jpg 94w\" sizes=\"(max-width: 416px) 100vw, 416px\" \/><\/figure><\/div>\n\n\n<p>No primeiro dia do novo hor\u00e1rio, os 49 passageiros que desembarcaram do voo G3 8071 reacenderam a esperan\u00e7a de perman\u00eancia, por\u00e9m, os m\u00edseros 14 embarques no G3 8090 causaram frustra\u00e7\u00e3o geral. A decep\u00e7\u00e3o s\u00f3 foi compensada pela beleza das cenas, filmadas pelos celulares, atentos ao pouso sob o por do sol, e a decolagem \u00e0s 18h13, ornamentada pelas luzes balizadoras da pista.<\/p>\n\n\n\n<p>Para os chamados \u2018personagens de aeroporto\u2019, como Jos\u00e9 Rodrigues J\u00fanior (J\u00fanior Sumido), o fracasso da nova opera\u00e7\u00e3o coincide com o an\u00fancio da Gol, de que a partir do dia 9 de maio vai encerrar a parceria com a VoePass.<\/p>\n\n\n\n<p>Segundo a GOL, com o fim da parceria, ser\u00e3o canceladas a partir de 09\/5 oito rotas no Brasil. A companhia informou que a redefini\u00e7\u00e3o tempor\u00e1ria atinge as seguintes rotas:<\/p>\n\n\n\n<p>\u2013 Barreiras, Len\u00e7\u00f3is\/Chapada Diamantina, Paulo Afonso e Teixeira de Freitas, na Bahia;<\/p>\n\n\n\n<p>\u2013 Aragua\u00edna no Tocantins;<\/p>\n\n\n\n<p>\u2013 Santa Maria e Uruguaiana, no Rio Grande do Sul; e<\/p>\n\n\n\n<p>\u2013 Uberaba, em Minas Gerais.<\/p>\n\n\n\n<p>Na Bahia, os voos tiveram in\u00edcio em novembro de 2022. A suspens\u00e3o, ainda que seja anunciada como tempor\u00e1ria, n\u00e3o convence os pauloafonsinos. Na realidade, \u00e9 o remake de filmes antigos estrelados por outras companhias que deixaram de operar a rota em outras \u00e9pocas e pouco tempo depois decretaram fal\u00eancia. Vamos torcer para que dessa vez seja diferente.<\/p>\n\n\n\n<p>Por outro lado, entre os \u2018personagens de aeroporto\u2019, h\u00e1 quem acredite na possibilidade da pr\u00f3pria VoePass assumir a opera\u00e7\u00e3o da rota. Recentemente, a companhia ventilou a possibilidade de adquirir aeronaves menores para realizar voos de curta dist\u00e2ncia. A informa\u00e7\u00e3o soou como uma prov\u00e1vel pretens\u00e3o de ligar aeroportos do interior, aos das capitais dos estados, fazendo conex\u00f5es para destinos nacionais. S\u00f3 nos resta esperar.<\/p>\n\n\n\n<p><em>Fonte: PA4<\/em><\/p>\n","protected":false},"excerpt":{"rendered":"<p>Menos de cinco meses ap\u00f3s o voo inaugural entre Salvador e Paulo Afonso ocorrido no dia 17 de novembro de 2022, a GOL anuncia a suspen\u00e7\u00e3o \u201ctempor\u00e1ria\u201d da rota<\/p>\n","protected":false},"author":2,"featured_media":40235,"comment_status":"open","ping_status":"open","sticky":false,"template":"","format":"standard","meta":{"om_disable_all_campaigns":false,"_monsterinsights_skip_tracking":false,"_monsterinsights_sitenote_active":false,"_monsterinsights_sitenote_note":"","_monsterinsights_sitenote_category":0,"footnotes":""},"categories":[33,70,69],"tags":[100,71,48,54,75,4178,4180,129,107,3502,4181,132,230,106,203,120,51,118,109,88,47,330,111,190],"class_list":["post-48220","post","type-post","status-publish","format-standard","has-post-thumbnail","hentry","category-bahia","category-destaques","category-noticias2","tag-adustina","tag-antas","tag-araci","tag-bahia","tag-cicero-dantas","tag-cipo-2","tag-crisopolis-2","tag-euclides-da-cunha","tag-fatima","tag-gol-linhas-aereas","tag-heliopolis-2","tag-itapicuru","tag-jeremoabo","tag-nova-soure","tag-novo-triunfo","tag-olindina","tag-paripiranga","tag-paulo-afonso","tag-quijingue","tag-ribeira-do-amparo","tag-ribeira-do-pombal","tag-salvador","tag-sitio-do-quinto","tag-tucano"],"aioseo_notices":[],"_links":{"self":[{"href":"https:\/\/www.portalalerta.com.br\/index.php\/wp-json\/wp\/v2\/posts\/48220","targetHints":{"allow":["GET"]}}],"collection":[{"href":"https:\/\/www.portalalerta.com.br\/index.php\/wp-json\/wp\/v2\/posts"}],"about":[{"href":"https:\/\/www.portalalerta.com.br\/index.php\/wp-json\/wp\/v2\/types\/post"}],"author":[{"embeddable":true,"href":"https:\/\/www.portalalerta.com.br\/index.php\/wp-json\/wp\/v2\/users\/2"}],"replies":[{"embeddable":true,"href":"https:\/\/www.portalalerta.com.br\/index.php\/wp-json\/wp\/v2\/comments?post=48220"}],"version-history":[{"count":1,"href":"https:\/\/www.portalalerta.com.br\/index.php\/wp-json\/wp\/v2\/posts\/48220\/revisions"}],"predecessor-version":[{"id":48221,"href":"https:\/\/www.portalalerta.com.br\/index.php\/wp-json\/wp\/v2\/posts\/48220\/revisions\/48221"}],"wp:featuredmedia":[{"embeddable":true,"href":"https:\/\/www.portalalerta.com.br\/index.php\/wp-json\/wp\/v2\/media\/40235"}],"wp:attachment":[{"href":"https:\/\/www.portalalerta.com.br\/index.php\/wp-json\/wp\/v2\/media?parent=48220"}],"wp:term":[{"taxonomy":"category","embeddable":true,"href":"https:\/\/www.portalalerta.com.br\/index.php\/wp-json\/wp\/v2\/categories?post=48220"},{"taxonomy":"post_tag","embeddable":true,"href":"https:\/\/www.portalalerta.com.br\/index.php\/wp-json\/wp\/v2\/tags?post=48220"}],"curies":[{"name":"wp","href":"https:\/\/api.w.org\/{rel}","templated":true}]}}