{"id":48225,"date":"2023-04-02T21:02:47","date_gmt":"2023-04-03T00:02:47","guid":{"rendered":"https:\/\/www.portalalerta.com.br\/?p=48225"},"modified":"2023-04-02T21:02:48","modified_gmt":"2023-04-03T00:02:48","slug":"papa-participa-da-missa-de-domingo-de-ramos-e-agradece-oracoes","status":"publish","type":"post","link":"https:\/\/www.portalalerta.com.br\/index.php\/2023\/04\/02\/papa-participa-da-missa-de-domingo-de-ramos-e-agradece-oracoes\/","title":{"rendered":"Papa participa da missa de Domingo de Ramos e agradece ora\u00e7\u00f5es"},"content":{"rendered":"\n<p>A celebra\u00e7\u00e3o acontece ap\u00f3s Francisco receber alta m\u00e9dica de um grave ataque de bronquite<\/p>\n\n\n\n<!--more-->\n\n\n\n<p>O Papa Francisco agradeceu as ora\u00e7\u00f5es por sua sa\u00fade durante missa de Domingo de Ramos na Pra\u00e7a de S\u00e3o Pedro, neste domingo, 2. A celebra\u00e7\u00e3o acontece ap\u00f3s\u00a0receber alta m\u00e9dica\u00a0de um tratamento bem-sucedido para um grave ataque de bronquite. <strong><em>&#8220;Agrade\u00e7o sua participa\u00e7\u00e3o e tamb\u00e9m suas ora\u00e7\u00f5es, que se intensificaram nestes \u00faltimos dias. Obrigado, muito obrigado!&#8221;<\/em><\/strong>, disse o pont\u00edfice argentino de 86 anos \u00e0 multid\u00e3o ap\u00f3s sua interna\u00e7\u00e3o de tr\u00eas dias.<\/p>\n\n\n<div class=\"wp-block-image\">\n<figure class=\"alignleft size-large is-resized\"><img fetchpriority=\"high\" decoding=\"async\" src=\"https:\/\/www.portalalerta.com.br\/wp-content\/uploads\/2023\/04\/Real-Juro-zero-2023-prorrogado-819x1024.jpg\" alt=\"\" class=\"wp-image-48226\" width=\"364\" height=\"455\"\/><\/figure><\/div>\n\n\n<p>Ainda um pouco p\u00e1lido e com a voz rouca, o pont\u00edfice ficou de p\u00e9 diante do altar e se dirigiu a todas as pessoas que rezaram e enviou mensagens de r\u00e1pida recupera\u00e7\u00e3o. Est\u00e1 \u00e9 sua primeira apari\u00e7\u00e3o p\u00fablica para uma cerim\u00f4nia oficial. Francisco estava p\u00e1lido e durante sua homilia sua voz estava um tanto rouca. Na imensa esplanada, cerca de 35 mil pessoas que assistiram a missa do Domingo de Ramos presidida pelo Papa Francisco.<\/p>\n\n\n\n<p>O evento marca o in\u00edcio da Semana Santa que antecede o Domingo de P\u00e1scoa, em 9 de abril deste ano, pr\u00f3ximo final de semana.<\/p>\n\n\n\n<p><em>Fonte: A Tarde<\/em><\/p>\n","protected":false},"excerpt":{"rendered":"<p>A celebra\u00e7\u00e3o acontece ap\u00f3s Francisco receber alta m\u00e9dica de um grave ataque de bronquite<\/p>\n","protected":false},"author":2,"featured_media":48227,"comment_status":"open","ping_status":"open","sticky":false,"template":"","format":"standard","meta":{"om_disable_all_campaigns":false,"_monsterinsights_skip_tracking":false,"_monsterinsights_sitenote_active":false,"_monsterinsights_sitenote_note":"","_monsterinsights_sitenote_category":0,"footnotes":""},"categories":[70,35,69],"tags":[100,71,48,75,4178,4180,129,107,4181,132,230,3676,339,106,203,120,1509,51,109,88,47,111],"class_list":["post-48225","post","type-post","status-publish","format-standard","has-post-thumbnail","hentry","category-destaques","category-mundo","category-noticias2","tag-adustina","tag-antas","tag-araci","tag-cicero-dantas","tag-cipo-2","tag-crisopolis-2","tag-euclides-da-cunha","tag-fatima","tag-heliopolis-2","tag-itapicuru","tag-jeremoabo","tag-missa","tag-mundo","tag-nova-soure","tag-novo-triunfo","tag-olindina","tag-papa-francisco","tag-paripiranga","tag-quijingue","tag-ribeira-do-amparo","tag-ribeira-do-pombal","tag-sitio-do-quinto"],"aioseo_notices":[],"_links":{"self":[{"href":"https:\/\/www.portalalerta.com.br\/index.php\/wp-json\/wp\/v2\/posts\/48225","targetHints":{"allow":["GET"]}}],"collection":[{"href":"https:\/\/www.portalalerta.com.br\/index.php\/wp-json\/wp\/v2\/posts"}],"about":[{"href":"https:\/\/www.portalalerta.com.br\/index.php\/wp-json\/wp\/v2\/types\/post"}],"author":[{"embeddable":true,"href":"https:\/\/www.portalalerta.com.br\/index.php\/wp-json\/wp\/v2\/users\/2"}],"replies":[{"embeddable":true,"href":"https:\/\/www.portalalerta.com.br\/index.php\/wp-json\/wp\/v2\/comments?post=48225"}],"version-history":[{"count":1,"href":"https:\/\/www.portalalerta.com.br\/index.php\/wp-json\/wp\/v2\/posts\/48225\/revisions"}],"predecessor-version":[{"id":48228,"href":"https:\/\/www.portalalerta.com.br\/index.php\/wp-json\/wp\/v2\/posts\/48225\/revisions\/48228"}],"wp:featuredmedia":[{"embeddable":true,"href":"https:\/\/www.portalalerta.com.br\/index.php\/wp-json\/wp\/v2\/media\/48227"}],"wp:attachment":[{"href":"https:\/\/www.portalalerta.com.br\/index.php\/wp-json\/wp\/v2\/media?parent=48225"}],"wp:term":[{"taxonomy":"category","embeddable":true,"href":"https:\/\/www.portalalerta.com.br\/index.php\/wp-json\/wp\/v2\/categories?post=48225"},{"taxonomy":"post_tag","embeddable":true,"href":"https:\/\/www.portalalerta.com.br\/index.php\/wp-json\/wp\/v2\/tags?post=48225"}],"curies":[{"name":"wp","href":"https:\/\/api.w.org\/{rel}","templated":true}]}}