{"id":48245,"date":"2023-04-03T21:25:28","date_gmt":"2023-04-04T00:25:28","guid":{"rendered":"https:\/\/www.portalalerta.com.br\/?p=48245"},"modified":"2023-04-03T21:25:30","modified_gmt":"2023-04-04T00:25:30","slug":"tse-estipula-prazo-para-bolsonaro-se-manifestar-em-acao-que-pode-torna-lo-inelegivel","status":"publish","type":"post","link":"https:\/\/www.portalalerta.com.br\/index.php\/2023\/04\/03\/tse-estipula-prazo-para-bolsonaro-se-manifestar-em-acao-que-pode-torna-lo-inelegivel\/","title":{"rendered":"TSE estipula prazo para Bolsonaro se manifestar em a\u00e7\u00e3o que pode torn\u00e1-lo ineleg\u00edvel"},"content":{"rendered":"\n<p>O ministro do Tribunal Superior Eleitoral (TSE), Benedito Gon\u00e7alves, determinou que a defesa do ex-presidente tem dois dias para apresentar as alega\u00e7\u00f5es finais<\/p>\n\n\n\n<!--more-->\n\n\n<div class=\"wp-block-image\">\n<figure class=\"alignleft size-full is-resized\"><img fetchpriority=\"high\" decoding=\"async\" src=\"https:\/\/www.portalalerta.com.br\/wp-content\/uploads\/2021\/04\/ELAB.jpg\" alt=\"\" class=\"wp-image-34795\" width=\"411\" height=\"328\" srcset=\"https:\/\/www.portalalerta.com.br\/wp-content\/uploads\/2021\/04\/ELAB.jpg 1000w, https:\/\/www.portalalerta.com.br\/wp-content\/uploads\/2021\/04\/ELAB-300x240.jpg 300w, https:\/\/www.portalalerta.com.br\/wp-content\/uploads\/2021\/04\/ELAB-768x614.jpg 768w, https:\/\/www.portalalerta.com.br\/wp-content\/uploads\/2021\/04\/ELAB-183x146.jpg 183w, https:\/\/www.portalalerta.com.br\/wp-content\/uploads\/2021\/04\/ELAB-50x40.jpg 50w, https:\/\/www.portalalerta.com.br\/wp-content\/uploads\/2021\/04\/ELAB-94x75.jpg 94w\" sizes=\"(max-width: 411px) 100vw, 411px\" \/><\/figure><\/div>\n\n\n<p>A defesa do ex-presidente Jair Bolsonaro (PL) possui um prazo de dois dias para apresentar as alega\u00e7\u00f5es finais na a\u00e7\u00e3o que contesta a postura apresentada pelo ex-mandat\u00e1rio ao realizar acusa\u00e7\u00f5es infundadas sobre as urnas eletr\u00f4nicas, em 2022, durante uma reuni\u00e3o que contou com a presen\u00e7a de diversos embaixadores.<\/p>\n\n\n\n<p>O prazo foi estabelecido pelo ministro do Tribunal Superior Eleitoral (TSE), Benedito Gon\u00e7alves. Ao justificar sua decis\u00e3o, o magistrado afirmou que &#8220;o rico acervo probat\u00f3rio reunido nos autos, que foi formado com ampla participa\u00e7\u00e3o das partes e do MPE, esgota as finalidades da instru\u00e7\u00e3o, raz\u00e3o pela qual cumpre encerrar a presente etapa processual&#8221;.<\/p>\n\n\n\n<p>Caso a defesa de Bolsonaro n\u00e3o consiga refutar as acusa\u00e7\u00f5es de pr\u00e1tica de abuso de poder pol\u00edtico e uso indevido dos meios de comunica\u00e7\u00e3o, o ex-presidente corre o risco de se tornar ineleg\u00edvel.<\/p>\n\n\n\n<p><em>Fonte: Metro1<\/em><\/p>\n","protected":false},"excerpt":{"rendered":"<p>O ministro do Tribunal Superior Eleitoral (TSE), Benedito Gon\u00e7alves, determinou que a defesa do ex-presidente tem dois dias para apresentar as alega\u00e7\u00f5es finais<\/p>\n","protected":false},"author":2,"featured_media":32829,"comment_status":"open","ping_status":"open","sticky":false,"template":"","format":"standard","meta":{"om_disable_all_campaigns":false,"_monsterinsights_skip_tracking":false,"_monsterinsights_sitenote_active":false,"_monsterinsights_sitenote_note":"","_monsterinsights_sitenote_category":0,"footnotes":""},"categories":[34,70,69,21],"tags":[100,71,48,93,75,4178,4180,129,107,4181,132,1395,230,106,203,120,51,199,109,88,47,111,549,190],"class_list":["post-48245","post","type-post","status-publish","format-standard","has-post-thumbnail","hentry","category-brasil","category-destaques","category-noticias2","category-politica","tag-adustina","tag-antas","tag-araci","tag-brasil","tag-cicero-dantas","tag-cipo-2","tag-crisopolis-2","tag-euclides-da-cunha","tag-fatima","tag-heliopolis-2","tag-itapicuru","tag-jair-bolsonaro","tag-jeremoabo","tag-nova-soure","tag-novo-triunfo","tag-olindina","tag-paripiranga","tag-politica","tag-quijingue","tag-ribeira-do-amparo","tag-ribeira-do-pombal","tag-sitio-do-quinto","tag-tse","tag-tucano"],"aioseo_notices":[],"_links":{"self":[{"href":"https:\/\/www.portalalerta.com.br\/index.php\/wp-json\/wp\/v2\/posts\/48245","targetHints":{"allow":["GET"]}}],"collection":[{"href":"https:\/\/www.portalalerta.com.br\/index.php\/wp-json\/wp\/v2\/posts"}],"about":[{"href":"https:\/\/www.portalalerta.com.br\/index.php\/wp-json\/wp\/v2\/types\/post"}],"author":[{"embeddable":true,"href":"https:\/\/www.portalalerta.com.br\/index.php\/wp-json\/wp\/v2\/users\/2"}],"replies":[{"embeddable":true,"href":"https:\/\/www.portalalerta.com.br\/index.php\/wp-json\/wp\/v2\/comments?post=48245"}],"version-history":[{"count":1,"href":"https:\/\/www.portalalerta.com.br\/index.php\/wp-json\/wp\/v2\/posts\/48245\/revisions"}],"predecessor-version":[{"id":48246,"href":"https:\/\/www.portalalerta.com.br\/index.php\/wp-json\/wp\/v2\/posts\/48245\/revisions\/48246"}],"wp:featuredmedia":[{"embeddable":true,"href":"https:\/\/www.portalalerta.com.br\/index.php\/wp-json\/wp\/v2\/media\/32829"}],"wp:attachment":[{"href":"https:\/\/www.portalalerta.com.br\/index.php\/wp-json\/wp\/v2\/media?parent=48245"}],"wp:term":[{"taxonomy":"category","embeddable":true,"href":"https:\/\/www.portalalerta.com.br\/index.php\/wp-json\/wp\/v2\/categories?post=48245"},{"taxonomy":"post_tag","embeddable":true,"href":"https:\/\/www.portalalerta.com.br\/index.php\/wp-json\/wp\/v2\/tags?post=48245"}],"curies":[{"name":"wp","href":"https:\/\/api.w.org\/{rel}","templated":true}]}}