{"id":4825,"date":"2018-02-19T16:15:52","date_gmt":"2018-02-19T19:15:52","guid":{"rendered":"http:\/\/www.portalalerta.com.br\/?p=4825"},"modified":"2018-02-19T16:15:52","modified_gmt":"2018-02-19T19:15:52","slug":"investigacao-contra-wagner-e-lula-e-enviada-pelo-stf-ao-trf1","status":"publish","type":"post","link":"https:\/\/www.portalalerta.com.br\/index.php\/2018\/02\/19\/investigacao-contra-wagner-e-lula-e-enviada-pelo-stf-ao-trf1\/","title":{"rendered":"Investiga\u00e7\u00e3o contra Wagner e Lula \u00e9 enviada pelo STF ao TRF1"},"content":{"rendered":"<p style=\"text-align: justify;\">A investiga\u00e7\u00e3o contra o ex-governador da Bahia, Jaques Wagner (PT), e o ex-presidente Lula, decorrente de dela\u00e7\u00e3o premiada de executivos da Odebrecht, foi remetida para o Tribunal Regional Federal da 1\u00aa Regi\u00e3o (TRF1) pelo Supremo Tribunal Federal (STF).<!--more--><\/p>\n<p style=\"text-align: justify;\"><img decoding=\"async\" class=\"size-full wp-image-2814 alignleft\" src=\"http:\/\/www.portalalerta.com.br\/wp-content\/uploads\/2017\/11\/banner9.png\" alt=\"\" width=\"270\" height=\"174\" srcset=\"https:\/\/www.portalalerta.com.br\/wp-content\/uploads\/2017\/11\/banner9.png 270w, https:\/\/www.portalalerta.com.br\/wp-content\/uploads\/2017\/11\/banner9-227x146.png 227w, https:\/\/www.portalalerta.com.br\/wp-content\/uploads\/2017\/11\/banner9-50x32.png 50w, https:\/\/www.portalalerta.com.br\/wp-content\/uploads\/2017\/11\/banner9-116x75.png 116w\" sizes=\"(max-width: 270px) 100vw, 270px\" \/>De acordo com o site Jota Info, a mudan\u00e7a ocorre por conta da entrada de Wagner na Secretaria de Desenvolvimento Econ\u00f4mico da Bahia (SDE), o que garantiu ao petista o foro privilegiado.<\/p>\n<p style=\"text-align: justify;\"><em>Fonte: Boc\u00e3o News<\/em><\/p>\n","protected":false},"excerpt":{"rendered":"<p>A investiga\u00e7\u00e3o contra o ex-governador da Bahia, Jaques Wagner (PT), e o ex-presidente Lula, decorrente de dela\u00e7\u00e3o premiada de executivos da Odebrecht, foi remetida para o Tribunal Regional Federal da 1\u00aa Regi\u00e3o (TRF1) pelo Supremo Tribunal Federal (STF).<\/p>\n","protected":false},"author":2,"featured_media":4826,"comment_status":"closed","ping_status":"open","sticky":false,"template":"","format":"standard","meta":{"om_disable_all_campaigns":false,"_monsterinsights_skip_tracking":false,"_monsterinsights_sitenote_active":false,"_monsterinsights_sitenote_note":"","_monsterinsights_sitenote_category":0,"footnotes":""},"categories":[33,34,70,69,21],"tags":[93,614,303,237,216],"class_list":["post-4825","post","type-post","status-publish","format-standard","has-post-thumbnail","hentry","category-bahia","category-brasil","category-destaques","category-noticias2","category-politica","tag-brasil","tag-jaques-wagner","tag-lula","tag-odebrecht","tag-stf"],"aioseo_notices":[],"_links":{"self":[{"href":"https:\/\/www.portalalerta.com.br\/index.php\/wp-json\/wp\/v2\/posts\/4825","targetHints":{"allow":["GET"]}}],"collection":[{"href":"https:\/\/www.portalalerta.com.br\/index.php\/wp-json\/wp\/v2\/posts"}],"about":[{"href":"https:\/\/www.portalalerta.com.br\/index.php\/wp-json\/wp\/v2\/types\/post"}],"author":[{"embeddable":true,"href":"https:\/\/www.portalalerta.com.br\/index.php\/wp-json\/wp\/v2\/users\/2"}],"replies":[{"embeddable":true,"href":"https:\/\/www.portalalerta.com.br\/index.php\/wp-json\/wp\/v2\/comments?post=4825"}],"version-history":[{"count":0,"href":"https:\/\/www.portalalerta.com.br\/index.php\/wp-json\/wp\/v2\/posts\/4825\/revisions"}],"wp:featuredmedia":[{"embeddable":true,"href":"https:\/\/www.portalalerta.com.br\/index.php\/wp-json\/wp\/v2\/media\/4826"}],"wp:attachment":[{"href":"https:\/\/www.portalalerta.com.br\/index.php\/wp-json\/wp\/v2\/media?parent=4825"}],"wp:term":[{"taxonomy":"category","embeddable":true,"href":"https:\/\/www.portalalerta.com.br\/index.php\/wp-json\/wp\/v2\/categories?post=4825"},{"taxonomy":"post_tag","embeddable":true,"href":"https:\/\/www.portalalerta.com.br\/index.php\/wp-json\/wp\/v2\/tags?post=4825"}],"curies":[{"name":"wp","href":"https:\/\/api.w.org\/{rel}","templated":true}]}}