{"id":4828,"date":"2018-02-19T16:31:11","date_gmt":"2018-02-19T19:31:11","guid":{"rendered":"http:\/\/www.portalalerta.com.br\/?p=4828"},"modified":"2018-02-19T16:31:11","modified_gmt":"2018-02-19T19:31:11","slug":"em-comunicado-fbf-afirma-que-encaminhara-sumula-do-bavi-a-procuradoria-do-tjd","status":"publish","type":"post","link":"https:\/\/www.portalalerta.com.br\/index.php\/2018\/02\/19\/em-comunicado-fbf-afirma-que-encaminhara-sumula-do-bavi-a-procuradoria-do-tjd\/","title":{"rendered":"Em comunicado, FBF afirma que encaminhar\u00e1 s\u00famula do BaVi \u00e0 procuradoria do TJD"},"content":{"rendered":"<p style=\"text-align: justify;\">A confus\u00e3o generalizada no BaVi de domingo (18), no Barrad\u00e3o, continua repercutindo e dando o que falar. Ap\u00f3s todas as trocas de acusa\u00e7\u00f5es entre as equipes, agora foi a vez da Federa\u00e7\u00e3o Baiana de Futebol se posicionar.<!--more--><\/p>\n<p style=\"text-align: justify;\"><img fetchpriority=\"high\" decoding=\"async\" class=\"size-full wp-image-2902 alignleft\" src=\"http:\/\/www.portalalerta.com.br\/wp-content\/uploads\/2017\/11\/elab-2.jpg\" alt=\"\" width=\"310\" height=\"200\" srcset=\"https:\/\/www.portalalerta.com.br\/wp-content\/uploads\/2017\/11\/elab-2.jpg 310w, https:\/\/www.portalalerta.com.br\/wp-content\/uploads\/2017\/11\/elab-2-226x146.jpg 226w, https:\/\/www.portalalerta.com.br\/wp-content\/uploads\/2017\/11\/elab-2-50x32.jpg 50w, https:\/\/www.portalalerta.com.br\/wp-content\/uploads\/2017\/11\/elab-2-116x75.jpg 116w\" sizes=\"(max-width: 310px) 100vw, 310px\" \/>Em comunicado ao site &#8220;Lance!&#8221;, a entidade repudia qualquer tipo de viol\u00eancia e se compromete a encaminhar a s\u00famula do confronto a procuradoria do Tribunal de Justi\u00e7a Desportiva (JTD) para que sejam tomadas as atitudes cab\u00edveis.<\/p>\n<p style=\"text-align: justify;\"><strong>Confira a nota na \u00edntegra:<\/strong><\/p>\n<p style=\"text-align: justify;\"><em>\u201cA Federa\u00e7\u00e3o Bahiana de Futebol repudia qualquer tipo de viol\u00eancia dentro e fora de campo e lamenta profundamente o ocorrido. Assim que recebermos a s\u00famula da partida nesta segunda-feira, vamos encaminh\u00e1-la \u00e0 procuradoria do Tribunal de Justi\u00e7a Desportiva para que as medidas cab\u00edveis sejam tomadas.<\/em><\/p>\n<p style=\"text-align: justify;\"><em>Temos a obriga\u00e7\u00e3o de organizar as competi\u00e7\u00f5es da melhor maneira, colocar uma arbitragem experiente em campo. Nesse momento, precisamos ter os nervos nos lugares. Ao mesmo tempo, vamos apurar as responsabilidades de todo o ocorrido\u201d.<\/em><\/p>\n<p style=\"text-align: justify;\"><em>A cenas de &#8216;&#8221;selvageria&#8221;, vistas em campo, tiveram in\u00edcio aos 5 minutos do segundo tempo, quando o meia Vinicius marcou o gol do Bahia e comemorou o gol em frente a torcida do Vit\u00f3ria com sua t\u00edpica &#8220;dancinha&#8221;. Incomodados com a atitude do rival, os jogadores rubro-negros partiram para cima do meia. Aos 33 minutos do segundo tempo, ap\u00f3s o quinto jogador do Vit\u00f3ria ser expulso, o \u00e1rbitro encerrou a partida por falta de atletas em campo.<\/em><\/p>\n<p style=\"text-align: justify;\">Fonte: Boc\u00e3o News<\/p>\n","protected":false},"excerpt":{"rendered":"<p>A confus\u00e3o generalizada no BaVi de domingo (18), no Barrad\u00e3o, continua repercutindo e dando o que falar. Ap\u00f3s todas as trocas de acusa\u00e7\u00f5es entre as equipes, agora foi a vez da Federa\u00e7\u00e3o Baiana de Futebol se posicionar.<\/p>\n","protected":false},"author":2,"featured_media":4829,"comment_status":"closed","ping_status":"open","sticky":false,"template":"","format":"standard","meta":{"om_disable_all_campaigns":false,"_monsterinsights_skip_tracking":false,"_monsterinsights_sitenote_active":false,"_monsterinsights_sitenote_note":"","_monsterinsights_sitenote_category":0,"footnotes":""},"categories":[33,70,2,69],"tags":[124,54,610,96,97,496],"class_list":["post-4828","post","type-post","status-publish","format-standard","has-post-thumbnail","hentry","category-bahia","category-destaques","category-esportes","category-noticias2","tag-124","tag-bahia","tag-campeonato-baiano","tag-esporte","tag-futebol","tag-vitoria"],"aioseo_notices":[],"_links":{"self":[{"href":"https:\/\/www.portalalerta.com.br\/index.php\/wp-json\/wp\/v2\/posts\/4828","targetHints":{"allow":["GET"]}}],"collection":[{"href":"https:\/\/www.portalalerta.com.br\/index.php\/wp-json\/wp\/v2\/posts"}],"about":[{"href":"https:\/\/www.portalalerta.com.br\/index.php\/wp-json\/wp\/v2\/types\/post"}],"author":[{"embeddable":true,"href":"https:\/\/www.portalalerta.com.br\/index.php\/wp-json\/wp\/v2\/users\/2"}],"replies":[{"embeddable":true,"href":"https:\/\/www.portalalerta.com.br\/index.php\/wp-json\/wp\/v2\/comments?post=4828"}],"version-history":[{"count":0,"href":"https:\/\/www.portalalerta.com.br\/index.php\/wp-json\/wp\/v2\/posts\/4828\/revisions"}],"wp:featuredmedia":[{"embeddable":true,"href":"https:\/\/www.portalalerta.com.br\/index.php\/wp-json\/wp\/v2\/media\/4829"}],"wp:attachment":[{"href":"https:\/\/www.portalalerta.com.br\/index.php\/wp-json\/wp\/v2\/media?parent=4828"}],"wp:term":[{"taxonomy":"category","embeddable":true,"href":"https:\/\/www.portalalerta.com.br\/index.php\/wp-json\/wp\/v2\/categories?post=4828"},{"taxonomy":"post_tag","embeddable":true,"href":"https:\/\/www.portalalerta.com.br\/index.php\/wp-json\/wp\/v2\/tags?post=4828"}],"curies":[{"name":"wp","href":"https:\/\/api.w.org\/{rel}","templated":true}]}}