{"id":48301,"date":"2023-04-06T07:01:00","date_gmt":"2023-04-06T10:01:00","guid":{"rendered":"https:\/\/www.portalalerta.com.br\/?p=48301"},"modified":"2023-04-06T00:37:42","modified_gmt":"2023-04-06T03:37:42","slug":"primeiros-concursos-publicos-serao-lancados-em-10-de-abril","status":"publish","type":"post","link":"https:\/\/www.portalalerta.com.br\/index.php\/2023\/04\/06\/primeiros-concursos-publicos-serao-lancados-em-10-de-abril\/","title":{"rendered":"Primeiros concursos p\u00fablicos ser\u00e3o lan\u00e7ados em 10 de abril"},"content":{"rendered":"\n<p><em>\u00d3rg\u00e3os com maior d\u00e9ficit de pessoal ser\u00e3o priorizados<\/em><\/p>\n\n\n\n<!--more-->\n\n\n\n<p>A ministra da Gest\u00e3o e da Inova\u00e7\u00e3o em Servi\u00e7os P\u00fablicos, Esther Dweck, anunciou que o governo ir\u00e1 lan\u00e7ar at\u00e9 o dia 10 de abril o primeiro bloco de concursos p\u00fablicos autorizados para administra\u00e7\u00e3o federal. &nbsp;<\/p>\n\n\n<div class=\"wp-block-image\">\n<figure class=\"alignleft size-full\"><img fetchpriority=\"high\" decoding=\"async\" width=\"400\" height=\"300\" src=\"https:\/\/www.portalalerta.com.br\/wp-content\/uploads\/2023\/01\/Auto-Escola-Sonho.jpg\" alt=\"\" class=\"wp-image-47083\" srcset=\"https:\/\/www.portalalerta.com.br\/wp-content\/uploads\/2023\/01\/Auto-Escola-Sonho.jpg 400w, https:\/\/www.portalalerta.com.br\/wp-content\/uploads\/2023\/01\/Auto-Escola-Sonho-320x240.jpg 320w\" sizes=\"(max-width: 400px) 100vw, 400px\" \/><\/figure><\/div>\n\n\n<p>Esther Dweck destacou que h\u00e1 previs\u00e3o no or\u00e7amento deste ano para realiza\u00e7\u00e3o dos concursos, que ir\u00e3o priorizar os \u00f3rg\u00e3os com maior d\u00e9ficit de pessoal. &nbsp;<\/p>\n\n\n\n<p><strong><em>\u201cV\u00e1rias \u00e1reas est\u00e3o com dificuldade. Foi um per\u00edodo de muito desmonte, praticamente sem nenhum concurso\u201d<\/em><\/strong>, disse, em entrevista aos ve\u00edculos da&nbsp;<strong>Empresa Brasil de Comunica\u00e7\u00e3o<\/strong>&nbsp;(<strong>EBC<\/strong>). &nbsp;<\/p>\n\n\n\n<p>At\u00e9 o fim do ano, segundo a ministra, devem ser anunciados tr\u00eas blocos de concursos p\u00fablicos para recomposi\u00e7\u00e3o de pessoal. No momento, apenas uma sele\u00e7\u00e3o emergencial foi autorizada para a Ag\u00eancia Nacional de Minera\u00e7\u00e3o. &nbsp;<\/p>\n\n\n\n<p><strong>Reajuste salarial<\/strong><\/p>\n\n\n\n<p>Sobre a concess\u00e3o do reajuste salarial linear de 9% aos servidores federais, Esther Dweck explicou que \u00e9 preciso que&nbsp;Congresso Nacional aprove&nbsp;uma adequa\u00e7\u00e3o de rubricas na Lei Or\u00e7ament\u00e1ria de 2023. &nbsp;<\/p>\n\n\n\n<p>Na \u00faltima sexta-feira (31), o presidente Luiz In\u00e1cio Lula da Silva enviou ao Parlamento projeto de lei com a altera\u00e7\u00e3o. A expectativa&nbsp;do governo \u00e9 de que a aprova\u00e7\u00e3o da proposta ocorra ainda este m\u00eas. &nbsp;<\/p>\n\n\n\n<p><strong><em>\u201cAssim que ele for aprovado, o governo pode encaminhar o reajuste dos servidores. A meta, temos conversado com os l\u00edderes no Congresso, \u00e9 que tenhamos uma aprova\u00e7\u00e3o c\u00e9lere desse projeto, para que seja aprovado ainda no m\u00eas de abril e o reajuste dos servidores possa valer a partir de maio\u201d<\/em><\/strong>, afirmou a ministra em entrevista ao programa&nbsp;<strong>A Voz do Brasil<\/strong>. &nbsp;<\/p>\n\n\n\n<p>A negocia\u00e7\u00e3o salarial, acordada com cerca de 100 entidades sindicais, prev\u00ea ainda aumento de R$ 200 no aux\u00edlio alimenta\u00e7\u00e3o dos servidores. Conforme a ministra, o valor adicional j\u00e1 ser\u00e1 depositado no pagamento de maio.&nbsp;<\/p>\n\n\n\n<p>Desde 2016, a maioria das categorias do funcionalismo federal n\u00e3o teve reajuste salarial. Em fevereiro, o minist\u00e9rio retomou a Mesa Nacional de Negocia\u00e7\u00e3o Permanente com os servidores p\u00fablicos federais, que servir\u00e1 para discutir recupera\u00e7\u00e3o salarial e reestrutura\u00e7\u00e3o de carreiras. A mesa foi instalada pela primeira vez em 2013.&nbsp;<\/p>\n\n\n\n<p><em>Fonte: Ag\u00eancia Brasil<\/em><\/p>\n","protected":false},"excerpt":{"rendered":"<p>\u00d3rg\u00e3os com maior d\u00e9ficit de pessoal ser\u00e3o priorizados<\/p>\n","protected":false},"author":2,"featured_media":3799,"comment_status":"open","ping_status":"open","sticky":false,"template":"","format":"standard","meta":{"om_disable_all_campaigns":false,"_monsterinsights_skip_tracking":false,"_monsterinsights_sitenote_active":false,"_monsterinsights_sitenote_note":"","_monsterinsights_sitenote_category":0,"footnotes":""},"categories":[34,70,69],"tags":[100,71,48,93,75,4178,3034,4180,129,107,4181,132,230,106,203,120,51,109,88,47,111],"class_list":["post-48301","post","type-post","status-publish","format-standard","has-post-thumbnail","hentry","category-brasil","category-destaques","category-noticias2","tag-adustina","tag-antas","tag-araci","tag-brasil","tag-cicero-dantas","tag-cipo-2","tag-concurso-publico","tag-crisopolis-2","tag-euclides-da-cunha","tag-fatima","tag-heliopolis-2","tag-itapicuru","tag-jeremoabo","tag-nova-soure","tag-novo-triunfo","tag-olindina","tag-paripiranga","tag-quijingue","tag-ribeira-do-amparo","tag-ribeira-do-pombal","tag-sitio-do-quinto"],"aioseo_notices":[],"_links":{"self":[{"href":"https:\/\/www.portalalerta.com.br\/index.php\/wp-json\/wp\/v2\/posts\/48301","targetHints":{"allow":["GET"]}}],"collection":[{"href":"https:\/\/www.portalalerta.com.br\/index.php\/wp-json\/wp\/v2\/posts"}],"about":[{"href":"https:\/\/www.portalalerta.com.br\/index.php\/wp-json\/wp\/v2\/types\/post"}],"author":[{"embeddable":true,"href":"https:\/\/www.portalalerta.com.br\/index.php\/wp-json\/wp\/v2\/users\/2"}],"replies":[{"embeddable":true,"href":"https:\/\/www.portalalerta.com.br\/index.php\/wp-json\/wp\/v2\/comments?post=48301"}],"version-history":[{"count":1,"href":"https:\/\/www.portalalerta.com.br\/index.php\/wp-json\/wp\/v2\/posts\/48301\/revisions"}],"predecessor-version":[{"id":48302,"href":"https:\/\/www.portalalerta.com.br\/index.php\/wp-json\/wp\/v2\/posts\/48301\/revisions\/48302"}],"wp:featuredmedia":[{"embeddable":true,"href":"https:\/\/www.portalalerta.com.br\/index.php\/wp-json\/wp\/v2\/media\/3799"}],"wp:attachment":[{"href":"https:\/\/www.portalalerta.com.br\/index.php\/wp-json\/wp\/v2\/media?parent=48301"}],"wp:term":[{"taxonomy":"category","embeddable":true,"href":"https:\/\/www.portalalerta.com.br\/index.php\/wp-json\/wp\/v2\/categories?post=48301"},{"taxonomy":"post_tag","embeddable":true,"href":"https:\/\/www.portalalerta.com.br\/index.php\/wp-json\/wp\/v2\/tags?post=48301"}],"curies":[{"name":"wp","href":"https:\/\/api.w.org\/{rel}","templated":true}]}}