{"id":48303,"date":"2023-04-06T07:02:00","date_gmt":"2023-04-06T10:02:00","guid":{"rendered":"https:\/\/www.portalalerta.com.br\/?p=48303"},"modified":"2023-04-06T01:23:39","modified_gmt":"2023-04-06T04:23:39","slug":"criminoso-e-linchado-e-preso-apos-cometer-furto-em-ribeira-do-pombal-ba","status":"publish","type":"post","link":"https:\/\/www.portalalerta.com.br\/index.php\/2023\/04\/06\/criminoso-e-linchado-e-preso-apos-cometer-furto-em-ribeira-do-pombal-ba\/","title":{"rendered":"Criminoso \u00e9 linchado e preso ap\u00f3s cometer furto em Ribeira do Pombal-BA"},"content":{"rendered":"\n<p>Por volta das 16h30 desta quarta-feira (05), um criminoso foi linchado ap\u00f3s cometer um furto em Ribeira do Pombal-BA.<\/p>\n\n\n\n<!--more-->\n\n\n\n<p>O crime aconteceu na Rua Marivaldo Arag\u00e3o, quando Ramon Edgar Santos de Matos (Ramon de Cristina), 27 anos, invadiu uma resid\u00eancia, de onde furtou alguns objetos como an\u00e9is e correntes. A v\u00edtima, cuja identidade foi mantida em sigilo, saiu em busca de autor, e ao encontr\u00e1-lo \u00e0s margens da BR 110, recuperou os objetos que estavam num dos bolsos das vestes de Ramon. Diante do flagrante, populares passaram a agredir o criminoso, que foi imobilizado e amarrado pelos mesmos.<\/p>\n\n\n\n<p>Ap\u00f3s serem informados do ocorrido, policiais militares da cidade foram at\u00e9 o local, onde encontraram o criminoso bastante ferido, e por conta disso o socorreram at\u00e9 o Hospital Geral Santa Tereza, em Ribeira do Pombal, onde recebeu atendimento m\u00e9dico. J\u00e1 no final do dia, Ramon foi transferido para o munic\u00edpio de Euclides da Cunha-BA.<\/p>\n\n\n\n<p><strong>Reincid\u00eancia<\/strong><\/p>\n\n\n\n<p>Ramon Edgar \u00e9 muito conhecido no mundo do crime, em Ribeira do Pombal e regi\u00e3o, sempre por conta dos arrombamentos \u00e0 resid\u00eancias e estabelecimentos comerciais, furtos e roubos. Ainda quando menor, foi autor de diversos atos infracionais. Ao se tornar maior de idade, permaneceu cometendo crimes, e por consequ\u00eancia ficou muito tempo preso em Sergipe.<\/p>\n\n\n\n<p>Recentemente, Ramon foi flagrado cometendo um assalto a um <strong><a href=\"https:\/\/www.portalalerta.com.br\/index.php\/2023\/04\/04\/cameras-flagram-criminoso-durante-assalto-a-estabelecimento-comercial-em-ribeira-do-pombal-ba\/\">estabelecimento comercial situado \u00e0 Rua J\u00falio Guerra de Almeida,<\/a><\/strong> regi\u00e3o central de Ribeira do Pombal-BA. Na ocasi\u00e3o, c\u00e2meras de monitoramento, flagraram a a\u00e7\u00e3o criminosa, e desde ent\u00e3o a pol\u00edcia buscava pelo criminoso, que n\u00e3o se intimidou e permaneceu agindo no munic\u00edpio. <strong>&nbsp;<\/strong><\/p>\n\n\n<div class=\"wp-block-image\">\n<figure class=\"aligncenter size-full\"><img fetchpriority=\"high\" decoding=\"async\" width=\"500\" height=\"400\" src=\"https:\/\/www.portalalerta.com.br\/wp-content\/uploads\/2023\/04\/assalto-em-Ribeira-do-Pombal-2023.jpg\" alt=\"\" class=\"wp-image-48276\" srcset=\"https:\/\/www.portalalerta.com.br\/wp-content\/uploads\/2023\/04\/assalto-em-Ribeira-do-Pombal-2023.jpg 500w, https:\/\/www.portalalerta.com.br\/wp-content\/uploads\/2023\/04\/assalto-em-Ribeira-do-Pombal-2023-300x240.jpg 300w\" sizes=\"(max-width: 500px) 100vw, 500px\" \/><figcaption class=\"wp-element-caption\">C\u00e2meras flagraram roubo cometido por Ramon a um estabelecimento <br>comercial, no centro de Ribeira do Pombal-BA<\/figcaption><\/figure><\/div>\n\n\n<p><em>Reda\u00e7\u00e3o: Portal Alerta<\/em><\/p>\n","protected":false},"excerpt":{"rendered":"<p>Por volta das 16h30 desta quarta-feira (05), um criminoso foi linchado ap\u00f3s cometer um furto em Ribeira do Pombal-BA.<\/p>\n","protected":false},"author":2,"featured_media":48304,"comment_status":"open","ping_status":"open","sticky":false,"template":"","format":"standard","meta":{"om_disable_all_campaigns":false,"_monsterinsights_skip_tracking":false,"_monsterinsights_sitenote_active":false,"_monsterinsights_sitenote_note":"","_monsterinsights_sitenote_category":0,"footnotes":""},"categories":[70,69,3,22],"tags":[100,71,48,75,4178,4180,129,107,299,85,4181,132,230,1090,106,203,120,51,79,109,88,47,111,190],"class_list":["post-48303","post","type-post","status-publish","format-standard","has-post-thumbnail","hentry","category-destaques","category-noticias2","category-ribeira-do-pombal","category-seguranca","tag-adustina","tag-antas","tag-araci","tag-cicero-dantas","tag-cipo-2","tag-crisopolis-2","tag-euclides-da-cunha","tag-fatima","tag-ferido","tag-furto","tag-heliopolis-2","tag-itapicuru","tag-jeremoabo","tag-linchamento","tag-nova-soure","tag-novo-triunfo","tag-olindina","tag-paripiranga","tag-policia-militar","tag-quijingue","tag-ribeira-do-amparo","tag-ribeira-do-pombal","tag-sitio-do-quinto","tag-tucano"],"aioseo_notices":[],"_links":{"self":[{"href":"https:\/\/www.portalalerta.com.br\/index.php\/wp-json\/wp\/v2\/posts\/48303","targetHints":{"allow":["GET"]}}],"collection":[{"href":"https:\/\/www.portalalerta.com.br\/index.php\/wp-json\/wp\/v2\/posts"}],"about":[{"href":"https:\/\/www.portalalerta.com.br\/index.php\/wp-json\/wp\/v2\/types\/post"}],"author":[{"embeddable":true,"href":"https:\/\/www.portalalerta.com.br\/index.php\/wp-json\/wp\/v2\/users\/2"}],"replies":[{"embeddable":true,"href":"https:\/\/www.portalalerta.com.br\/index.php\/wp-json\/wp\/v2\/comments?post=48303"}],"version-history":[{"count":1,"href":"https:\/\/www.portalalerta.com.br\/index.php\/wp-json\/wp\/v2\/posts\/48303\/revisions"}],"predecessor-version":[{"id":48305,"href":"https:\/\/www.portalalerta.com.br\/index.php\/wp-json\/wp\/v2\/posts\/48303\/revisions\/48305"}],"wp:featuredmedia":[{"embeddable":true,"href":"https:\/\/www.portalalerta.com.br\/index.php\/wp-json\/wp\/v2\/media\/48304"}],"wp:attachment":[{"href":"https:\/\/www.portalalerta.com.br\/index.php\/wp-json\/wp\/v2\/media?parent=48303"}],"wp:term":[{"taxonomy":"category","embeddable":true,"href":"https:\/\/www.portalalerta.com.br\/index.php\/wp-json\/wp\/v2\/categories?post=48303"},{"taxonomy":"post_tag","embeddable":true,"href":"https:\/\/www.portalalerta.com.br\/index.php\/wp-json\/wp\/v2\/tags?post=48303"}],"curies":[{"name":"wp","href":"https:\/\/api.w.org\/{rel}","templated":true}]}}