{"id":48308,"date":"2023-04-06T21:40:59","date_gmt":"2023-04-07T00:40:59","guid":{"rendered":"https:\/\/www.portalalerta.com.br\/?p=48308"},"modified":"2023-04-06T21:41:00","modified_gmt":"2023-04-07T00:41:00","slug":"lula-afirma-que-foi-aconselhado-a-evitar-falar-sobre-bolsonaro-e-moro","status":"publish","type":"post","link":"https:\/\/www.portalalerta.com.br\/index.php\/2023\/04\/06\/lula-afirma-que-foi-aconselhado-a-evitar-falar-sobre-bolsonaro-e-moro\/","title":{"rendered":"Lula afirma que foi aconselhado a evitar falar sobre Bolsonaro e Moro"},"content":{"rendered":"\n<p>O presidente declarou que acatou a sugest\u00e3o e a partir de agora vai focar em promover os planos de seu governo<\/p>\n\n\n\n<!--more-->\n\n\n<div class=\"wp-block-image\">\n<figure class=\"alignleft size-full is-resized\"><img fetchpriority=\"high\" decoding=\"async\" src=\"https:\/\/www.portalalerta.com.br\/wp-content\/uploads\/2021\/04\/ELAB.jpg\" alt=\"\" class=\"wp-image-34795\" width=\"443\" height=\"354\" srcset=\"https:\/\/www.portalalerta.com.br\/wp-content\/uploads\/2021\/04\/ELAB.jpg 1000w, https:\/\/www.portalalerta.com.br\/wp-content\/uploads\/2021\/04\/ELAB-300x240.jpg 300w, https:\/\/www.portalalerta.com.br\/wp-content\/uploads\/2021\/04\/ELAB-768x614.jpg 768w, https:\/\/www.portalalerta.com.br\/wp-content\/uploads\/2021\/04\/ELAB-183x146.jpg 183w, https:\/\/www.portalalerta.com.br\/wp-content\/uploads\/2021\/04\/ELAB-50x40.jpg 50w, https:\/\/www.portalalerta.com.br\/wp-content\/uploads\/2021\/04\/ELAB-94x75.jpg 94w\" sizes=\"(max-width: 443px) 100vw, 443px\" \/><\/figure><\/div>\n\n\n<p>Durante um caf\u00e9 da manh\u00e3 com jornalistas, realizado nesta quinta-feira (6), no Pal\u00e1cio do Planalto, o presidente Luiz In\u00e1cio Lula da Silva (PT) afirmou que foi orientado a evitar falar sobre o ex-presidente Jair Bolsonaro (PL) e o senador S\u00e9rgio Moro (Uni\u00e3o Brasil).&nbsp;<\/p>\n\n\n\n<p><strong><em>&#8220;[Paulo] Pimenta [ministro da Secretaria de Comunica\u00e7\u00e3o] tem me orientado todo dia a n\u00e3o falar nesses nomes que voc\u00ea falou [Moro e Bolsonaro]. Por isso que nem citei os nomes. Eu n\u00e3o tenho que falar nem da coisa nem do coiso&#8221;<\/em><\/strong>, disse Lula.&nbsp;<\/p>\n\n\n\n<p>Em seguida, o presidente afirmou que pretende acatar o conselho e focar em promover os planos de seu governo.<strong><em>&#8220;Vou come\u00e7ar a falar das coisas que n\u00f3s vamos fazer daqui para frente&#8221;<\/em><\/strong>, completou.<\/p>\n\n\n\n<p><em>Fonte: Metro1<\/em><\/p>\n","protected":false},"excerpt":{"rendered":"<p>O presidente declarou que acatou a sugest\u00e3o e a partir de agora vai focar em promover os planos de seu governo<\/p>\n","protected":false},"author":2,"featured_media":40825,"comment_status":"open","ping_status":"open","sticky":false,"template":"","format":"standard","meta":{"om_disable_all_campaigns":false,"_monsterinsights_skip_tracking":false,"_monsterinsights_sitenote_active":false,"_monsterinsights_sitenote_note":"","_monsterinsights_sitenote_category":0,"footnotes":""},"categories":[34,70,69,21],"tags":[100,71,48,93,75,4178,4180,129,107,4181,132,1395,230,303,106,203,120,51,109,88,47,443,111,190],"class_list":["post-48308","post","type-post","status-publish","format-standard","has-post-thumbnail","hentry","category-brasil","category-destaques","category-noticias2","category-politica","tag-adustina","tag-antas","tag-araci","tag-brasil","tag-cicero-dantas","tag-cipo-2","tag-crisopolis-2","tag-euclides-da-cunha","tag-fatima","tag-heliopolis-2","tag-itapicuru","tag-jair-bolsonaro","tag-jeremoabo","tag-lula","tag-nova-soure","tag-novo-triunfo","tag-olindina","tag-paripiranga","tag-quijingue","tag-ribeira-do-amparo","tag-ribeira-do-pombal","tag-sergio-moro","tag-sitio-do-quinto","tag-tucano"],"aioseo_notices":[],"_links":{"self":[{"href":"https:\/\/www.portalalerta.com.br\/index.php\/wp-json\/wp\/v2\/posts\/48308","targetHints":{"allow":["GET"]}}],"collection":[{"href":"https:\/\/www.portalalerta.com.br\/index.php\/wp-json\/wp\/v2\/posts"}],"about":[{"href":"https:\/\/www.portalalerta.com.br\/index.php\/wp-json\/wp\/v2\/types\/post"}],"author":[{"embeddable":true,"href":"https:\/\/www.portalalerta.com.br\/index.php\/wp-json\/wp\/v2\/users\/2"}],"replies":[{"embeddable":true,"href":"https:\/\/www.portalalerta.com.br\/index.php\/wp-json\/wp\/v2\/comments?post=48308"}],"version-history":[{"count":1,"href":"https:\/\/www.portalalerta.com.br\/index.php\/wp-json\/wp\/v2\/posts\/48308\/revisions"}],"predecessor-version":[{"id":48309,"href":"https:\/\/www.portalalerta.com.br\/index.php\/wp-json\/wp\/v2\/posts\/48308\/revisions\/48309"}],"wp:featuredmedia":[{"embeddable":true,"href":"https:\/\/www.portalalerta.com.br\/index.php\/wp-json\/wp\/v2\/media\/40825"}],"wp:attachment":[{"href":"https:\/\/www.portalalerta.com.br\/index.php\/wp-json\/wp\/v2\/media?parent=48308"}],"wp:term":[{"taxonomy":"category","embeddable":true,"href":"https:\/\/www.portalalerta.com.br\/index.php\/wp-json\/wp\/v2\/categories?post=48308"},{"taxonomy":"post_tag","embeddable":true,"href":"https:\/\/www.portalalerta.com.br\/index.php\/wp-json\/wp\/v2\/tags?post=48308"}],"curies":[{"name":"wp","href":"https:\/\/api.w.org\/{rel}","templated":true}]}}