{"id":48313,"date":"2023-04-06T21:55:13","date_gmt":"2023-04-07T00:55:13","guid":{"rendered":"https:\/\/www.portalalerta.com.br\/?p=48313"},"modified":"2023-04-06T21:55:14","modified_gmt":"2023-04-07T00:55:14","slug":"governo-autoriza-saida-de-telebras-correios-e-ebc-de-processo-de-privatizacao","status":"publish","type":"post","link":"https:\/\/www.portalalerta.com.br\/index.php\/2023\/04\/06\/governo-autoriza-saida-de-telebras-correios-e-ebc-de-processo-de-privatizacao\/","title":{"rendered":"Governo autoriza sa\u00edda de Telebras, Correios e EBC de processo de privatiza\u00e7\u00e3o"},"content":{"rendered":"\n<p><strong>Pr\u00f3ximo passo para fim de desestatiza\u00e7\u00e3o das empresas \u00e9 publica\u00e7\u00e3o de decreto pelo presidente Lula<\/strong><\/p>\n\n\n\n<!--more-->\n\n\n\n<p>A\u00a0Telebras, os\u00a0Correios\u00a0e a\u00a0Empresa Brasil de Comunica\u00e7\u00e3o (EBC)\u00a0est\u00e3o autorizadas a deixar o\u00a0Programa Nacional de Desestatiza\u00e7\u00e3o. Na pr\u00e1tica, a medida pode significar o fim do processo de privatiza\u00e7\u00e3o das empresas, iniciado em agosto de 2019 com a inclus\u00e3o das institui\u00e7\u00f5es na iniciativa. As tr\u00eas empresas s\u00e3o vinculadas ao Minist\u00e9rio das Comunica\u00e7\u00f5es.<\/p>\n\n\n<div class=\"wp-block-image\">\n<figure class=\"alignleft size-full is-resized\"><img fetchpriority=\"high\" decoding=\"async\" src=\"https:\/\/www.portalalerta.com.br\/wp-content\/uploads\/2022\/03\/Cred-Real.1.jpg\" alt=\"\" class=\"wp-image-41523\" width=\"392\" height=\"314\" srcset=\"https:\/\/www.portalalerta.com.br\/wp-content\/uploads\/2022\/03\/Cred-Real.1.jpg 500w, https:\/\/www.portalalerta.com.br\/wp-content\/uploads\/2022\/03\/Cred-Real.1-300x240.jpg 300w, https:\/\/www.portalalerta.com.br\/wp-content\/uploads\/2022\/03\/Cred-Real.1-183x146.jpg 183w, https:\/\/www.portalalerta.com.br\/wp-content\/uploads\/2022\/03\/Cred-Real.1-50x40.jpg 50w, https:\/\/www.portalalerta.com.br\/wp-content\/uploads\/2022\/03\/Cred-Real.1-94x75.jpg 94w\" sizes=\"(max-width: 392px) 100vw, 392px\" \/><\/figure><\/div>\n\n\n<p>A recomenda\u00e7\u00e3o foi feita pelo Conselho do Programa de Parcerias e Investimentos (CPPI). Assinada pelos ministros Rui Costa (Casa Civil), Paulo Pimenta (Secretaria de Comunica\u00e7\u00e3o Social da Presid\u00eancia) e Juscelino Filho (Comunica\u00e7\u00f5es), a resolu\u00e7\u00e3o foi publicada em edi\u00e7\u00e3o extraordin\u00e1ria do Di\u00e1rio Oficial da Uni\u00e3o (DOU) dessa quarta-feira (5). Rui Costa \u00e9 presidente do CPPI.<\/p>\n\n\n\n<p>O pr\u00f3ximo passo para a sa\u00edda das estatais do Programa de Desestatiza\u00e7\u00e3o \u00e9 a publica\u00e7\u00e3o de um decreto presidencial. A gest\u00e3o do ex-presidente Jair Bolsonaro (PL) chegou a avan\u00e7ar no processo de privatiza\u00e7\u00e3o da EBC.<\/p>\n\n\n\n<p>Em novembro de 2021, o Banco Nacional de Desenvolvimento Econ\u00f4mico e Social (BNDES) finalizou o mapeamento de empresas capazes de elaborar as avalia\u00e7\u00f5es necess\u00e1rias para a desestatiza\u00e7\u00e3o da empresa de comunica\u00e7\u00e3o<\/p>\n\n\n\n<p>Os Correios foram criados por lei em 1969. Atualmente, s\u00e3o mais de 6,3 mil ag\u00eancias espalhadas por todo o pa\u00eds.<\/p>\n\n\n\n<p>A Telebras, criada em 1972, \u00e9 uma sociedade de economia mista que fornece solu\u00e7\u00f5es de conex\u00e3o.<\/p>\n\n\n\n<p>A EBC nasceu em outubro de 2007, a partir de uma medida provis\u00f3ria, posteriormente convertida em lei. A empresa herdou os canais de r\u00e1dio e TV geridos pela estatal Radiobr\u00e1s e pela Associa\u00e7\u00e3o de Comunica\u00e7\u00e3o Educativa Roquette Pinto (Acerp). A cria\u00e7\u00e3o da TV Brasil, emissora p\u00fablica de TV da empresa, come\u00e7ou a ser discutida em maio de 2007, durante o I F\u00f3rum Nacional de TVs P\u00fablicas, em Bras\u00edlia.<\/p>\n\n\n\n<p><em>Fonte: R7<\/em><\/p>\n","protected":false},"excerpt":{"rendered":"<p>Pr\u00f3ximo passo para fim de desestatiza\u00e7\u00e3o das empresas \u00e9 publica\u00e7\u00e3o de decreto pelo presidente Lula<\/p>\n","protected":false},"author":2,"featured_media":24571,"comment_status":"open","ping_status":"open","sticky":false,"template":"","format":"standard","meta":{"om_disable_all_campaigns":false,"_monsterinsights_skip_tracking":false,"_monsterinsights_sitenote_active":false,"_monsterinsights_sitenote_note":"","_monsterinsights_sitenote_category":0,"footnotes":""},"categories":[34,70,69],"tags":[100,71,48,93,75,4178,1035,4180,2276,129,107,4181,132,230,106,203,120,51,415,109,88,47,111,3056,190],"class_list":["post-48313","post","type-post","status-publish","format-standard","has-post-thumbnail","hentry","category-brasil","category-destaques","category-noticias2","tag-adustina","tag-antas","tag-araci","tag-brasil","tag-cicero-dantas","tag-cipo-2","tag-correios","tag-crisopolis-2","tag-ebc","tag-euclides-da-cunha","tag-fatima","tag-heliopolis-2","tag-itapicuru","tag-jeremoabo","tag-nova-soure","tag-novo-triunfo","tag-olindina","tag-paripiranga","tag-privatizacao","tag-quijingue","tag-ribeira-do-amparo","tag-ribeira-do-pombal","tag-sitio-do-quinto","tag-telebras","tag-tucano"],"aioseo_notices":[],"_links":{"self":[{"href":"https:\/\/www.portalalerta.com.br\/index.php\/wp-json\/wp\/v2\/posts\/48313","targetHints":{"allow":["GET"]}}],"collection":[{"href":"https:\/\/www.portalalerta.com.br\/index.php\/wp-json\/wp\/v2\/posts"}],"about":[{"href":"https:\/\/www.portalalerta.com.br\/index.php\/wp-json\/wp\/v2\/types\/post"}],"author":[{"embeddable":true,"href":"https:\/\/www.portalalerta.com.br\/index.php\/wp-json\/wp\/v2\/users\/2"}],"replies":[{"embeddable":true,"href":"https:\/\/www.portalalerta.com.br\/index.php\/wp-json\/wp\/v2\/comments?post=48313"}],"version-history":[{"count":1,"href":"https:\/\/www.portalalerta.com.br\/index.php\/wp-json\/wp\/v2\/posts\/48313\/revisions"}],"predecessor-version":[{"id":48314,"href":"https:\/\/www.portalalerta.com.br\/index.php\/wp-json\/wp\/v2\/posts\/48313\/revisions\/48314"}],"wp:featuredmedia":[{"embeddable":true,"href":"https:\/\/www.portalalerta.com.br\/index.php\/wp-json\/wp\/v2\/media\/24571"}],"wp:attachment":[{"href":"https:\/\/www.portalalerta.com.br\/index.php\/wp-json\/wp\/v2\/media?parent=48313"}],"wp:term":[{"taxonomy":"category","embeddable":true,"href":"https:\/\/www.portalalerta.com.br\/index.php\/wp-json\/wp\/v2\/categories?post=48313"},{"taxonomy":"post_tag","embeddable":true,"href":"https:\/\/www.portalalerta.com.br\/index.php\/wp-json\/wp\/v2\/tags?post=48313"}],"curies":[{"name":"wp","href":"https:\/\/api.w.org\/{rel}","templated":true}]}}