{"id":48357,"date":"2023-04-10T07:03:00","date_gmt":"2023-04-10T10:03:00","guid":{"rendered":"https:\/\/www.portalalerta.com.br\/?p=48357"},"modified":"2023-04-10T07:23:56","modified_gmt":"2023-04-10T10:23:56","slug":"adolescente-pombalense-esta-desaparecido-na-capital-baiana","status":"publish","type":"post","link":"https:\/\/www.portalalerta.com.br\/index.php\/2023\/04\/10\/adolescente-pombalense-esta-desaparecido-na-capital-baiana\/","title":{"rendered":"Adolescente pombalense est\u00e1 desaparecido na capital baiana"},"content":{"rendered":"\n<p>O adolescente pombalense, Washington, de apenas 15 anos, est\u00e1 desaparecido desde a \u00faltima quinta-feira (06), em Salvador-BA.<\/p>\n\n\n\n<!--more-->\n\n\n\n<p>De acordo com informa\u00e7\u00f5es, o jovem foi visto pela \u00faltima vez \u00e0s 22h na Rua Couceiros de Abreu, bairro Uruguai.<\/p>\n\n\n\n<p>Caso algu\u00e9m saiba do paradeiro do pombalense, poder\u00e1 manter contato atrav\u00e9s do n\u00famero: <strong>71-99941-3452, ou 71-98801-2424.<\/strong><\/p>\n\n\n\n<p><em>Reda\u00e7\u00e3o: Porta Alerta<\/em><\/p>\n","protected":false},"excerpt":{"rendered":"<p>O adolescente pombalense, Washington, de apenas 15 anos, est\u00e1 desaparecido desde a \u00faltima quinta-feira (06), em Salvador-BA.<\/p>\n","protected":false},"author":2,"featured_media":48358,"comment_status":"open","ping_status":"open","sticky":false,"template":"","format":"standard","meta":{"om_disable_all_campaigns":false,"_monsterinsights_skip_tracking":false,"_monsterinsights_sitenote_active":false,"_monsterinsights_sitenote_note":"","_monsterinsights_sitenote_category":0,"footnotes":""},"categories":[33,70,69,32,3,22],"tags":[100,71,48,75,4178,4180,1226,129,107,4181,132,230,106,203,120,51,109,88,47,330,111],"class_list":["post-48357","post","type-post","status-publish","format-standard","has-post-thumbnail","hentry","category-bahia","category-destaques","category-noticias2","category-regiao","category-ribeira-do-pombal","category-seguranca","tag-adustina","tag-antas","tag-araci","tag-cicero-dantas","tag-cipo-2","tag-crisopolis-2","tag-desaparecido","tag-euclides-da-cunha","tag-fatima","tag-heliopolis-2","tag-itapicuru","tag-jeremoabo","tag-nova-soure","tag-novo-triunfo","tag-olindina","tag-paripiranga","tag-quijingue","tag-ribeira-do-amparo","tag-ribeira-do-pombal","tag-salvador","tag-sitio-do-quinto"],"aioseo_notices":[],"_links":{"self":[{"href":"https:\/\/www.portalalerta.com.br\/index.php\/wp-json\/wp\/v2\/posts\/48357","targetHints":{"allow":["GET"]}}],"collection":[{"href":"https:\/\/www.portalalerta.com.br\/index.php\/wp-json\/wp\/v2\/posts"}],"about":[{"href":"https:\/\/www.portalalerta.com.br\/index.php\/wp-json\/wp\/v2\/types\/post"}],"author":[{"embeddable":true,"href":"https:\/\/www.portalalerta.com.br\/index.php\/wp-json\/wp\/v2\/users\/2"}],"replies":[{"embeddable":true,"href":"https:\/\/www.portalalerta.com.br\/index.php\/wp-json\/wp\/v2\/comments?post=48357"}],"version-history":[{"count":1,"href":"https:\/\/www.portalalerta.com.br\/index.php\/wp-json\/wp\/v2\/posts\/48357\/revisions"}],"predecessor-version":[{"id":48359,"href":"https:\/\/www.portalalerta.com.br\/index.php\/wp-json\/wp\/v2\/posts\/48357\/revisions\/48359"}],"wp:featuredmedia":[{"embeddable":true,"href":"https:\/\/www.portalalerta.com.br\/index.php\/wp-json\/wp\/v2\/media\/48358"}],"wp:attachment":[{"href":"https:\/\/www.portalalerta.com.br\/index.php\/wp-json\/wp\/v2\/media?parent=48357"}],"wp:term":[{"taxonomy":"category","embeddable":true,"href":"https:\/\/www.portalalerta.com.br\/index.php\/wp-json\/wp\/v2\/categories?post=48357"},{"taxonomy":"post_tag","embeddable":true,"href":"https:\/\/www.portalalerta.com.br\/index.php\/wp-json\/wp\/v2\/tags?post=48357"}],"curies":[{"name":"wp","href":"https:\/\/api.w.org\/{rel}","templated":true}]}}