{"id":4836,"date":"2018-02-19T23:51:05","date_gmt":"2018-02-20T02:51:05","guid":{"rendered":"http:\/\/www.portalalerta.com.br\/?p=4836"},"modified":"2018-02-19T23:51:05","modified_gmt":"2018-02-20T02:51:05","slug":"ministro-anuncia-suspensao-da-reforma-da-previdencia","status":"publish","type":"post","link":"https:\/\/www.portalalerta.com.br\/index.php\/2018\/02\/19\/ministro-anuncia-suspensao-da-reforma-da-previdencia\/","title":{"rendered":"Ministro anuncia suspens\u00e3o da reforma da Previd\u00eancia"},"content":{"rendered":"<p style=\"text-align: justify;\">Depois de sustentar o discurso de que continuaria trabalhando\u00a0pela aprova\u00e7\u00e3o da reforma da Previd\u00eancia mesmo com a\u00a0interven\u00e7\u00e3o no Estado do Rio de Janeiro, o governo federal anunciou oficialmente nesta segunda-feira (19) a suspens\u00e3o da tramita\u00e7\u00e3o da proposta que muda as regras de aposentadoria e pens\u00e3o no Pa\u00eds.<!--more--><\/p>\n<p style=\"text-align: justify;\">O porta-voz da decis\u00e3o foi o ministro da Secretaria de Governo, Carlos Marun, que admitiu haver &#8220;inseguran\u00e7a jur\u00eddica&#8221; sobre a possibilidade de continuar discutindo a reforma durante o per\u00edodo da interven\u00e7\u00e3o e suspender o decreto para promulgar as altera\u00e7\u00f5es, como era o<strong>\u00a0<\/strong>plano do presidente Michel Temer.<\/p>\n<p style=\"text-align: justify;\">\u2014 Hoje, tramita\u00e7\u00e3o da reforma da Previd\u00eancia est\u00e1 suspensa.<\/p>\n<p style=\"text-align: justify;\"><img decoding=\"async\" class=\"size-full wp-image-2814 alignleft\" src=\"http:\/\/www.portalalerta.com.br\/wp-content\/uploads\/2017\/11\/banner9.png\" alt=\"\" width=\"270\" height=\"174\" srcset=\"https:\/\/www.portalalerta.com.br\/wp-content\/uploads\/2017\/11\/banner9.png 270w, https:\/\/www.portalalerta.com.br\/wp-content\/uploads\/2017\/11\/banner9-227x146.png 227w, https:\/\/www.portalalerta.com.br\/wp-content\/uploads\/2017\/11\/banner9-50x32.png 50w, https:\/\/www.portalalerta.com.br\/wp-content\/uploads\/2017\/11\/banner9-116x75.png 116w\" sizes=\"(max-width: 270px) 100vw, 270px\" \/>Ele evitou cravar uma nova data, mas assegurou que a vota\u00e7\u00e3o da reforma em fevereiro est\u00e1 &#8220;fora de cogita\u00e7\u00e3o&#8221;.<\/p>\n<p style=\"text-align: justify;\">O ministro acenou com uma possibilidade de aprecia\u00e7\u00e3o da proposta pelo Congresso em novembro, desde que o governo entenda que as raz\u00f5es que motivaram o decreto de interven\u00e7\u00e3o (que vale at\u00e9 dezembro de 2018) cessaram antes do per\u00edodo estipulado.<\/p>\n<p style=\"text-align: justify;\">\u2014 Pode votar antes de dezembro se o governo entender que os motivos que promoveram a edi\u00e7\u00e3o do decreto tenham cessado. N\u00e3o temos a inten\u00e7\u00e3o de suspender o decreto.<\/p>\n<p style=\"text-align: justify;\">A Constitui\u00e7\u00e3o impede mudan\u00e7as em seu texto durante per\u00edodos de interven\u00e7\u00e3o federal. Temer tra\u00e7ou uma estrat\u00e9gia inicial de continuar discutindo a proposta com lideran\u00e7as para viabilizar a vota\u00e7\u00e3o. O decreto de interven\u00e7\u00e3o na seguran\u00e7a p\u00fablica do Rio seria suspenso apenas para votar a proposta e promulg\u00e1-la.<\/p>\n<p style=\"text-align: justify;\">Nesta segunda-feira, no entanto, o presidente do Senado, Eun\u00edcio Oliveira (PMDB-CE), endureceu o discurso e disse que n\u00e3o pautaria nenhuma Proposta de Emenda \u00e0 Constitui\u00e7\u00e3o (PEC) para discuss\u00e3o ou vota\u00e7\u00e3o na Casa. Segundo ele, o artigo da Constitui\u00e7\u00e3o impede at\u00e9 mesmo o debate de mudan\u00e7as constitucionais pelo Legislativo, n\u00e3o apenas a promulga\u00e7\u00e3o.<\/p>\n<p style=\"text-align: justify;\">&#8220;As palavras de Eun\u00edcio n\u00e3o s\u00e3o de todo desarrazoadas&#8221;, admitiu Marun, que se reuniu por cerca de tr\u00eas horas com deputados da base aliada do governo.<\/p>\n<p style=\"text-align: justify;\">Segundo o ministro, o governo tamb\u00e9m v\u00ea com preocupa\u00e7\u00e3o a seguran\u00e7a jur\u00eddica da tramita\u00e7\u00e3o da reforma da Previd\u00eancia em meio \u00e0 interven\u00e7\u00e3o federal. Marun disse que o governo \u00e9 &#8220;contr\u00e1rio a interpreta\u00e7\u00f5es criativas&#8221; e mostrou mudan\u00e7a na estrat\u00e9gia tra\u00e7ada ao negar agora a inten\u00e7\u00e3o de suspender o decreto \u2014 o que seria algo &#8220;controverso&#8221;, segundo o ministro.<\/p>\n<p style=\"text-align: justify;\"><em>Fonte: R7<\/em><\/p>\n","protected":false},"excerpt":{"rendered":"<p>Depois de sustentar o discurso de que continuaria trabalhando\u00a0pela aprova\u00e7\u00e3o da reforma da Previd\u00eancia mesmo com a\u00a0interven\u00e7\u00e3o no Estado do Rio de Janeiro, o governo federal anunciou oficialmente nesta segunda-feira (19) a suspens\u00e3o da tramita\u00e7\u00e3o da proposta que muda as regras de aposentadoria e pens\u00e3o no Pa\u00eds.<\/p>\n","protected":false},"author":2,"featured_media":4837,"comment_status":"closed","ping_status":"open","sticky":false,"template":"","format":"standard","meta":{"om_disable_all_campaigns":false,"_monsterinsights_skip_tracking":false,"_monsterinsights_sitenote_active":false,"_monsterinsights_sitenote_note":"","_monsterinsights_sitenote_category":0,"footnotes":""},"categories":[34,70,69,21],"tags":[93,249,188],"class_list":["post-4836","post","type-post","status-publish","format-standard","has-post-thumbnail","hentry","category-brasil","category-destaques","category-noticias2","category-politica","tag-brasil","tag-governo-federal","tag-reforma-da-previdencia"],"aioseo_notices":[],"_links":{"self":[{"href":"https:\/\/www.portalalerta.com.br\/index.php\/wp-json\/wp\/v2\/posts\/4836","targetHints":{"allow":["GET"]}}],"collection":[{"href":"https:\/\/www.portalalerta.com.br\/index.php\/wp-json\/wp\/v2\/posts"}],"about":[{"href":"https:\/\/www.portalalerta.com.br\/index.php\/wp-json\/wp\/v2\/types\/post"}],"author":[{"embeddable":true,"href":"https:\/\/www.portalalerta.com.br\/index.php\/wp-json\/wp\/v2\/users\/2"}],"replies":[{"embeddable":true,"href":"https:\/\/www.portalalerta.com.br\/index.php\/wp-json\/wp\/v2\/comments?post=4836"}],"version-history":[{"count":0,"href":"https:\/\/www.portalalerta.com.br\/index.php\/wp-json\/wp\/v2\/posts\/4836\/revisions"}],"wp:featuredmedia":[{"embeddable":true,"href":"https:\/\/www.portalalerta.com.br\/index.php\/wp-json\/wp\/v2\/media\/4837"}],"wp:attachment":[{"href":"https:\/\/www.portalalerta.com.br\/index.php\/wp-json\/wp\/v2\/media?parent=4836"}],"wp:term":[{"taxonomy":"category","embeddable":true,"href":"https:\/\/www.portalalerta.com.br\/index.php\/wp-json\/wp\/v2\/categories?post=4836"},{"taxonomy":"post_tag","embeddable":true,"href":"https:\/\/www.portalalerta.com.br\/index.php\/wp-json\/wp\/v2\/tags?post=4836"}],"curies":[{"name":"wp","href":"https:\/\/api.w.org\/{rel}","templated":true}]}}